
{"id":7148,"date":"2011-08-04T00:01:09","date_gmt":"2011-08-04T03:01:09","guid":{"rendered":"http:\/\/www.sudoestehoje.com.br\/novoportal\/?p=7148"},"modified":"2011-08-04T00:04:15","modified_gmt":"2011-08-04T03:04:15","slug":"na-corda-bamba","status":"publish","type":"post","link":"https:\/\/www.sudoestehoje.com.br\/novoportal\/2011\/08\/04\/na-corda-bamba\/","title":{"rendered":"NA CORDA BAMBA"},"content":{"rendered":"<p style=\"text-align: center;\"><a id=\"apf0\" href=\"http:\/\/www.google.com.br\/imgres?imgurl=http:\/\/3.bp.blogspot.com\/-dZo9ZoERKUU\/Tf4EZQDXShI\/AAAAAAAADHo\/ns17QUveF8o\/s400\/corda%2Bbamba.jpg&amp;imgrefurl=http:\/\/asasdosversosereversos.blogspot.com\/2011\/06\/corda-bamba.html&amp;usg=__w-R3tb_Cs7qa45tCro3O2Qv24nw=&amp;h=383&amp;w=359&amp;sz=22&amp;hl=pt-BR&amp;start=1&amp;zoom=1&amp;um=1&amp;itbs=1&amp;tbnid=QGJ4UHtItyj1UM:&amp;tbnh=123&amp;tbnw=115&amp;prev=\/search%3Fq%3Dcorda%2Bbamba%26um%3D1%26hl%3Dpt-BR%26sa%3DG%26rlz%3D1T4SKPB_pt-BRBR354BR359%26tbm%3Disch&amp;ei=Ivg2TrG7DNOSgQfb7KGYBA\"><\/a><\/p>\n<p style=\"text-align: center;\"><img decoding=\"async\" src=\"http:\/\/4.bp.blogspot.com\/_sQ2RMxI9db0\/TAR5x55yASI\/AAAAAAAAAks\/uXJCY-o6PYU\/s1600\/cordabamba.jpg\" alt=\"\" \/><\/p>\n<p>Comenta-se que um dos integrantes do primeiro escal\u00e3o municipal <em>est\u00e1 com um p\u00e9 na cova e o outro na casca de banana<\/em>, devendo cair a qualquer momento. O decreto de exonera\u00e7\u00e3o, segundo\u00a0informou uma fonte ligada \u00e0 administra\u00e7\u00e3o, j\u00e1 est\u00e1 prontinho, em cima da mesa do prefeito. Segundo a mesma fonte, Z\u00e9 Carlos ainda est\u00e1 &#8216;roendo a corda&#8217; para n\u00e3o assinar, mas o seu irm\u00e3o mais velho, que \u00e9 quem manda no peda\u00e7o, j\u00e1 avisou que n\u00e3o tem volta e que o &#8216;afortunado&#8217; secret\u00e1rio cai ainda esta semana. Se for quem eu penso, vai <em>&#8216;parar o tr\u00e2nsito&#8217;<\/em> na cidade. Algu\u00e9m a\u00ed sabe quem \u00e9?<\/p>\n","protected":false},"excerpt":{"rendered":"<p>Comenta-se que um dos integrantes do primeiro escal\u00e3o municipal est\u00e1 com um p\u00e9 na cova e o outro na casca de banana, devendo cair a qualquer momento. O decreto de exonera\u00e7\u00e3o, segundo\u00a0informou uma fonte ligada \u00e0 administra\u00e7\u00e3o, j\u00e1 est\u00e1 prontinho, em cima da mesa do prefeito. Segundo a mesma fonte, Z\u00e9 Carlos ainda est\u00e1 &#8216;roendo [&hellip;]<\/p>\n","protected":false},"author":2,"featured_media":0,"comment_status":"open","ping_status":"open","sticky":false,"template":"","format":"standard","meta":{"footnotes":"","_links_to":"","_links_to_target":""},"categories":[10],"tags":[],"class_list":["post-7148","post","type-post","status-publish","format-standard","hentry","category-itapetinga"],"views":1616,"_links":{"self":[{"href":"https:\/\/www.sudoestehoje.com.br\/novoportal\/wp-json\/wp\/v2\/posts\/7148","targetHints":{"allow":["GET"]}}],"collection":[{"href":"https:\/\/www.sudoestehoje.com.br\/novoportal\/wp-json\/wp\/v2\/posts"}],"about":[{"href":"https:\/\/www.sudoestehoje.com.br\/novoportal\/wp-json\/wp\/v2\/types\/post"}],"author":[{"embeddable":true,"href":"https:\/\/www.sudoestehoje.com.br\/novoportal\/wp-json\/wp\/v2\/users\/2"}],"replies":[{"embeddable":true,"href":"https:\/\/www.sudoestehoje.com.br\/novoportal\/wp-json\/wp\/v2\/comments?post=7148"}],"version-history":[{"count":5,"href":"https:\/\/www.sudoestehoje.com.br\/novoportal\/wp-json\/wp\/v2\/posts\/7148\/revisions"}],"predecessor-version":[{"id":7150,"href":"https:\/\/www.sudoestehoje.com.br\/novoportal\/wp-json\/wp\/v2\/posts\/7148\/revisions\/7150"}],"wp:attachment":[{"href":"https:\/\/www.sudoestehoje.com.br\/novoportal\/wp-json\/wp\/v2\/media?parent=7148"}],"wp:term":[{"taxonomy":"category","embeddable":true,"href":"https:\/\/www.sudoestehoje.com.br\/novoportal\/wp-json\/wp\/v2\/categories?post=7148"},{"taxonomy":"post_tag","embeddable":true,"href":"https:\/\/www.sudoestehoje.com.br\/novoportal\/wp-json\/wp\/v2\/tags?post=7148"}],"curies":[{"name":"wp","href":"https:\/\/api.w.org\/{rel}","templated":true}]}}