
{"id":71478,"date":"2018-04-13T20:20:26","date_gmt":"2018-04-13T23:20:26","guid":{"rendered":"http:\/\/www.sudoestehoje.com.br\/novoportal\/?p=71478"},"modified":"2018-04-13T20:20:26","modified_gmt":"2018-04-13T23:20:26","slug":"bolsonaro-e-denunciado-no-stf-por-racismo","status":"publish","type":"post","link":"https:\/\/www.sudoestehoje.com.br\/novoportal\/2018\/04\/13\/bolsonaro-e-denunciado-no-stf-por-racismo\/","title":{"rendered":"BOLSONARO \u00c9 DENUNCIADO NO STF POR RACISMO"},"content":{"rendered":"<p><a href=\"http:\/\/www.sudoestehoje.com.br\/novoportal\/wp-content\/uploads\/2018\/04\/BOLSONARO.jpg\"><img loading=\"lazy\" decoding=\"async\" class=\"aligncenter size-medium wp-image-71479\" src=\"http:\/\/www.sudoestehoje.com.br\/novoportal\/wp-content\/uploads\/2018\/04\/BOLSONARO-500x281.jpg\" alt=\"\" width=\"500\" height=\"281\" srcset=\"https:\/\/www.sudoestehoje.com.br\/novoportal\/wp-content\/uploads\/2018\/04\/BOLSONARO-500x281.jpg 500w, https:\/\/www.sudoestehoje.com.br\/novoportal\/wp-content\/uploads\/2018\/04\/BOLSONARO-700x394.jpg 700w, https:\/\/www.sudoestehoje.com.br\/novoportal\/wp-content\/uploads\/2018\/04\/BOLSONARO.jpg 750w\" sizes=\"auto, (max-width: 500px) 100vw, 500px\" \/><\/a><\/p>\n<p>O deputado federal Jair Bolsonaro (PSL-RJ) foi denunciado pela Procuradoria Geral da Rep\u00fablica (PGR) por \u201cracismo praticado contra quilombolas, ind\u00edgenas, refugiados, mulheres e LGBTs\u201d, nesta sexta-feira (13). A den\u00fancia \u00e9 referente \u00e0s declara\u00e7\u00f5es dadas pelo parlamentar durante uma palestra que ministrou na Hebraica do Rio, em abril do ano passado.<\/p>\n<p>Na ocasi\u00e3o, o deputado afirmou que quilombolas n\u00e3o serviriam nem para \u201cprocriar\u201d e que a culpa pela n\u00e3o constru\u00e7\u00e3o de tr\u00eas hidrel\u00e9tricas em Roraima seria dos ind\u00edgenas que moram na regi\u00e3o. \u201cOnde tem uma terra ind\u00edgena, tem uma riqueza embaixo dela. Temos que mudar isso da\u00ed. [\u2026] Eu fui num quilombo. O afrodescendente mais leve l\u00e1 pesava sete arrobas. N\u00e3o fazem nada. Eu acho que nem para procriador ele serve mais. Mais de R$ 1 bilh\u00e3o por ano \u00e9 gastado com eles\u201d.<\/p>\n<p>Deputado ainda fez piada com o fato de ter tido uma filha mulher. \u201cEu tenho cinco filhos. Foram quatro homens, (na) quinta eu dei uma fraquejada e veio uma mulher\u201d, disse na palestra.<\/p>\n<p>De acordo com a procuradora-geral da Rep\u00fablica, Raquel Dodge, a conduta de Bolsonaro beira o \u201cinaceit\u00e1vel\u201d e viola a Constitui\u00e7\u00e3o.<\/p>\n<p>\u201cJair Bolsonaro tratou com total menoscabo os integrantes de comunidades quilombolas. Referiu-se a eles como se fossem animais, ao utilizar a palavra \u201carroba\u201d. Esta manifesta\u00e7\u00e3o, inaceit\u00e1vel, alinha-se ao regime da escravid\u00e3o, em que negros eram tratados como mera mercadoria, e \u00e0 id\u00e9ia de desigualdade entre seres humanos, o que \u00e9 absolutamente refutado pela Constitui\u00e7\u00e3o brasileira e por todos os Tratados e Conven\u00e7\u00f5es Internacionais de que o Brasil \u00e9 signat\u00e1rio, que afirmam a igualdade entre seres humanos como direito humano universal e protegido\u201d, diz.<\/p>\n<p>O filho de Jair, o deputado federal Eduardo Bolsonaro (PSL-RJ), tamb\u00e9m foi denunciado por Dodge, mas no caso dele, por supostas amea\u00e7as a uma jornalista.<\/p>\n","protected":false},"excerpt":{"rendered":"<p>O deputado federal Jair Bolsonaro (PSL-RJ) foi denunciado pela Procuradoria Geral da Rep\u00fablica (PGR) por \u201cracismo praticado contra quilombolas, ind\u00edgenas, refugiados, mulheres e LGBTs\u201d, nesta sexta-feira (13). A den\u00fancia \u00e9 referente \u00e0s declara\u00e7\u00f5es dadas pelo parlamentar durante uma palestra que ministrou na Hebraica do Rio, em abril do ano passado. Na ocasi\u00e3o, o deputado afirmou [&hellip;]<\/p>\n","protected":false},"author":2,"featured_media":71479,"comment_status":"open","ping_status":"open","sticky":false,"template":"","format":"standard","meta":{"footnotes":"","_links_to":"","_links_to_target":""},"categories":[1],"tags":[],"class_list":["post-71478","post","type-post","status-publish","format-standard","has-post-thumbnail","hentry","category-geral"],"views":1281,"_links":{"self":[{"href":"https:\/\/www.sudoestehoje.com.br\/novoportal\/wp-json\/wp\/v2\/posts\/71478","targetHints":{"allow":["GET"]}}],"collection":[{"href":"https:\/\/www.sudoestehoje.com.br\/novoportal\/wp-json\/wp\/v2\/posts"}],"about":[{"href":"https:\/\/www.sudoestehoje.com.br\/novoportal\/wp-json\/wp\/v2\/types\/post"}],"author":[{"embeddable":true,"href":"https:\/\/www.sudoestehoje.com.br\/novoportal\/wp-json\/wp\/v2\/users\/2"}],"replies":[{"embeddable":true,"href":"https:\/\/www.sudoestehoje.com.br\/novoportal\/wp-json\/wp\/v2\/comments?post=71478"}],"version-history":[{"count":1,"href":"https:\/\/www.sudoestehoje.com.br\/novoportal\/wp-json\/wp\/v2\/posts\/71478\/revisions"}],"predecessor-version":[{"id":71480,"href":"https:\/\/www.sudoestehoje.com.br\/novoportal\/wp-json\/wp\/v2\/posts\/71478\/revisions\/71480"}],"wp:featuredmedia":[{"embeddable":true,"href":"https:\/\/www.sudoestehoje.com.br\/novoportal\/wp-json\/wp\/v2\/media\/71479"}],"wp:attachment":[{"href":"https:\/\/www.sudoestehoje.com.br\/novoportal\/wp-json\/wp\/v2\/media?parent=71478"}],"wp:term":[{"taxonomy":"category","embeddable":true,"href":"https:\/\/www.sudoestehoje.com.br\/novoportal\/wp-json\/wp\/v2\/categories?post=71478"},{"taxonomy":"post_tag","embeddable":true,"href":"https:\/\/www.sudoestehoje.com.br\/novoportal\/wp-json\/wp\/v2\/tags?post=71478"}],"curies":[{"name":"wp","href":"https:\/\/api.w.org\/{rel}","templated":true}]}}