
{"id":71473,"date":"2018-04-12T21:44:23","date_gmt":"2018-04-13T00:44:23","guid":{"rendered":"http:\/\/www.sudoestehoje.com.br\/novoportal\/?p=71473"},"modified":"2018-04-12T21:44:23","modified_gmt":"2018-04-13T00:44:23","slug":"governo-propoe-salario-minimo-de-r-1-002","status":"publish","type":"post","link":"https:\/\/www.sudoestehoje.com.br\/novoportal\/2018\/04\/12\/governo-propoe-salario-minimo-de-r-1-002\/","title":{"rendered":"GOVERNO PROP\u00d5E SAL\u00c1RIO M\u00cdNIMO DE R$ 1.002"},"content":{"rendered":"<p><a href=\"http:\/\/www.sudoestehoje.com.br\/novoportal\/wp-content\/uploads\/2018\/04\/SALARIO.jpg\"><img loading=\"lazy\" decoding=\"async\" class=\"aligncenter size-medium wp-image-71476\" src=\"http:\/\/www.sudoestehoje.com.br\/novoportal\/wp-content\/uploads\/2018\/04\/SALARIO-500x322.jpg\" alt=\"\" width=\"500\" height=\"322\" srcset=\"https:\/\/www.sudoestehoje.com.br\/novoportal\/wp-content\/uploads\/2018\/04\/SALARIO-500x322.jpg 500w, https:\/\/www.sudoestehoje.com.br\/novoportal\/wp-content\/uploads\/2018\/04\/SALARIO.jpg 648w\" sizes=\"auto, (max-width: 500px) 100vw, 500px\" \/><\/a><\/p>\n<p>Em 2019, o sal\u00e1rio m\u00ednimo no Brasil poder\u00e1 ser de R$ 1.002. Esse valor foi proposto pelo Governo Federal, por meio do projeto de Lei de Diretrizes Or\u00e7ament\u00e1rias (LDO) do pr\u00f3ximo ano, que foi apresentado nesta quinta-feira (12).<\/p>\n<p>De acordo com o G1, esta deve ser a primeira vez que o sal\u00e1rio m\u00ednimo vai ficar acima de R$ 1 mil. Atualmente, ele est\u00e1 em R$ 954.\u00a0 Caso o sal\u00e1rio m\u00ednimo chegue a R$ 1.002 em 2019, o reajuste ser\u00e1 de 5,03%, \u00edndice bem superior ao de 1,81% para 2018.<\/p>\n","protected":false},"excerpt":{"rendered":"<p>Em 2019, o sal\u00e1rio m\u00ednimo no Brasil poder\u00e1 ser de R$ 1.002. Esse valor foi proposto pelo Governo Federal, por meio do projeto de Lei de Diretrizes Or\u00e7ament\u00e1rias (LDO) do pr\u00f3ximo ano, que foi apresentado nesta quinta-feira (12). De acordo com o G1, esta deve ser a primeira vez que o sal\u00e1rio m\u00ednimo vai ficar [&hellip;]<\/p>\n","protected":false},"author":2,"featured_media":71476,"comment_status":"open","ping_status":"open","sticky":false,"template":"","format":"standard","meta":{"footnotes":"","_links_to":"","_links_to_target":""},"categories":[1],"tags":[],"class_list":["post-71473","post","type-post","status-publish","format-standard","has-post-thumbnail","hentry","category-geral"],"views":1009,"_links":{"self":[{"href":"https:\/\/www.sudoestehoje.com.br\/novoportal\/wp-json\/wp\/v2\/posts\/71473","targetHints":{"allow":["GET"]}}],"collection":[{"href":"https:\/\/www.sudoestehoje.com.br\/novoportal\/wp-json\/wp\/v2\/posts"}],"about":[{"href":"https:\/\/www.sudoestehoje.com.br\/novoportal\/wp-json\/wp\/v2\/types\/post"}],"author":[{"embeddable":true,"href":"https:\/\/www.sudoestehoje.com.br\/novoportal\/wp-json\/wp\/v2\/users\/2"}],"replies":[{"embeddable":true,"href":"https:\/\/www.sudoestehoje.com.br\/novoportal\/wp-json\/wp\/v2\/comments?post=71473"}],"version-history":[{"count":2,"href":"https:\/\/www.sudoestehoje.com.br\/novoportal\/wp-json\/wp\/v2\/posts\/71473\/revisions"}],"predecessor-version":[{"id":71477,"href":"https:\/\/www.sudoestehoje.com.br\/novoportal\/wp-json\/wp\/v2\/posts\/71473\/revisions\/71477"}],"wp:featuredmedia":[{"embeddable":true,"href":"https:\/\/www.sudoestehoje.com.br\/novoportal\/wp-json\/wp\/v2\/media\/71476"}],"wp:attachment":[{"href":"https:\/\/www.sudoestehoje.com.br\/novoportal\/wp-json\/wp\/v2\/media?parent=71473"}],"wp:term":[{"taxonomy":"category","embeddable":true,"href":"https:\/\/www.sudoestehoje.com.br\/novoportal\/wp-json\/wp\/v2\/categories?post=71473"},{"taxonomy":"post_tag","embeddable":true,"href":"https:\/\/www.sudoestehoje.com.br\/novoportal\/wp-json\/wp\/v2\/tags?post=71473"}],"curies":[{"name":"wp","href":"https:\/\/api.w.org\/{rel}","templated":true}]}}