
{"id":71466,"date":"2018-04-12T16:48:38","date_gmt":"2018-04-12T19:48:38","guid":{"rendered":"http:\/\/www.sudoestehoje.com.br\/novoportal\/?p=71466"},"modified":"2018-04-12T16:48:38","modified_gmt":"2018-04-12T19:48:38","slug":"acesso-ao-12-de-dezembro-tera-pista-dupla-asfaltada-garante-secretario","status":"publish","type":"post","link":"https:\/\/www.sudoestehoje.com.br\/novoportal\/2018\/04\/12\/acesso-ao-12-de-dezembro-tera-pista-dupla-asfaltada-garante-secretario\/","title":{"rendered":"ACESSO AO 12 DE DEZEMBRO TER\u00c1 PISTA DUPLA ASFALTADA, GARANTE SECRET\u00c1RIO"},"content":{"rendered":"<p><a href=\"http:\/\/www.sudoestehoje.com.br\/novoportal\/wp-content\/uploads\/2018\/04\/asfalto-1.jpg\"><img loading=\"lazy\" decoding=\"async\" class=\"aligncenter size-medium wp-image-71470\" src=\"http:\/\/www.sudoestehoje.com.br\/novoportal\/wp-content\/uploads\/2018\/04\/asfalto-1-500x333.jpg\" alt=\"\" width=\"500\" height=\"333\" srcset=\"https:\/\/www.sudoestehoje.com.br\/novoportal\/wp-content\/uploads\/2018\/04\/asfalto-1-500x333.jpg 500w, https:\/\/www.sudoestehoje.com.br\/novoportal\/wp-content\/uploads\/2018\/04\/asfalto-1-768x512.jpg 768w, https:\/\/www.sudoestehoje.com.br\/novoportal\/wp-content\/uploads\/2018\/04\/asfalto-1-700x467.jpg 700w, https:\/\/www.sudoestehoje.com.br\/novoportal\/wp-content\/uploads\/2018\/04\/asfalto-1.jpg 1024w\" sizes=\"auto, (max-width: 500px) 100vw, 500px\" \/><\/a><\/p>\n<p>Em contato com a reda\u00e7\u00e3o do Sudoeste Hoje, o secret\u00e1rio municipal de Infraestrutura, Eng\u00ba Airton Ferraz, informou que as obras de pavimenta\u00e7\u00e3o da Avenida Catol\u00e9, que liga o Residencial 12 de Dezembro \u00e0 Avenida Itabuna, em Itapetinga, ter\u00e1 in\u00edcio na pr\u00f3xima segunda-feira (16), com o assentamento de meios-fios e realiza\u00e7\u00e3o de drenagem.<\/p>\n<p>Assim que for conclu\u00edda a base, a Emurc realizar\u00e1 a pavimenta\u00e7\u00e3o asf\u00e1ltica dos cerca de 600 metros de extens\u00e3o da avenida, que ter\u00e1 <em>pista dupla<\/em> na parte mais larga, passando a ter pista \u00fanica na parte estreita, pr\u00f3xima ao Ponto Certo.<\/p>\n<p>Conclu\u00edda a pavimenta\u00e7\u00e3o, ser\u00e1 a vez de constru\u00e7\u00e3o das cal\u00e7adas que v\u00e3o margear toda a avenida e redutores de velocidade, informou a Eng\u00ba Airton Ferraz.<\/p>\n<p>Vamos acompanhar.<\/p>\n<p><strong><em>Por Davi Ferraz<\/em><\/strong><\/p>\n","protected":false},"excerpt":{"rendered":"<p>Em contato com a reda\u00e7\u00e3o do Sudoeste Hoje, o secret\u00e1rio municipal de Infraestrutura, Eng\u00ba Airton Ferraz, informou que as obras de pavimenta\u00e7\u00e3o da Avenida Catol\u00e9, que liga o Residencial 12 de Dezembro \u00e0 Avenida Itabuna, em Itapetinga, ter\u00e1 in\u00edcio na pr\u00f3xima segunda-feira (16), com o assentamento de meios-fios e realiza\u00e7\u00e3o de drenagem. Assim que for [&hellip;]<\/p>\n","protected":false},"author":2,"featured_media":71470,"comment_status":"open","ping_status":"open","sticky":false,"template":"","format":"standard","meta":{"footnotes":"","_links_to":"","_links_to_target":""},"categories":[1],"tags":[],"class_list":["post-71466","post","type-post","status-publish","format-standard","has-post-thumbnail","hentry","category-geral"],"views":1503,"_links":{"self":[{"href":"https:\/\/www.sudoestehoje.com.br\/novoportal\/wp-json\/wp\/v2\/posts\/71466","targetHints":{"allow":["GET"]}}],"collection":[{"href":"https:\/\/www.sudoestehoje.com.br\/novoportal\/wp-json\/wp\/v2\/posts"}],"about":[{"href":"https:\/\/www.sudoestehoje.com.br\/novoportal\/wp-json\/wp\/v2\/types\/post"}],"author":[{"embeddable":true,"href":"https:\/\/www.sudoestehoje.com.br\/novoportal\/wp-json\/wp\/v2\/users\/2"}],"replies":[{"embeddable":true,"href":"https:\/\/www.sudoestehoje.com.br\/novoportal\/wp-json\/wp\/v2\/comments?post=71466"}],"version-history":[{"count":4,"href":"https:\/\/www.sudoestehoje.com.br\/novoportal\/wp-json\/wp\/v2\/posts\/71466\/revisions"}],"predecessor-version":[{"id":71472,"href":"https:\/\/www.sudoestehoje.com.br\/novoportal\/wp-json\/wp\/v2\/posts\/71466\/revisions\/71472"}],"wp:featuredmedia":[{"embeddable":true,"href":"https:\/\/www.sudoestehoje.com.br\/novoportal\/wp-json\/wp\/v2\/media\/71470"}],"wp:attachment":[{"href":"https:\/\/www.sudoestehoje.com.br\/novoportal\/wp-json\/wp\/v2\/media?parent=71466"}],"wp:term":[{"taxonomy":"category","embeddable":true,"href":"https:\/\/www.sudoestehoje.com.br\/novoportal\/wp-json\/wp\/v2\/categories?post=71466"},{"taxonomy":"post_tag","embeddable":true,"href":"https:\/\/www.sudoestehoje.com.br\/novoportal\/wp-json\/wp\/v2\/tags?post=71466"}],"curies":[{"name":"wp","href":"https:\/\/api.w.org\/{rel}","templated":true}]}}