
{"id":71453,"date":"2018-04-11T20:24:18","date_gmt":"2018-04-11T23:24:18","guid":{"rendered":"http:\/\/www.sudoestehoje.com.br\/novoportal\/?p=71453"},"modified":"2018-04-11T20:27:36","modified_gmt":"2018-04-11T23:27:36","slug":"itapetinga-residencial-12-de-dezembro-sera-contemplada-com-escolas-de-grande-porte","status":"publish","type":"post","link":"https:\/\/www.sudoestehoje.com.br\/novoportal\/2018\/04\/11\/itapetinga-residencial-12-de-dezembro-sera-contemplada-com-escolas-de-grande-porte\/","title":{"rendered":"ITAPETINGA: RESIDENCIAL 12 DE DEZEMBRO SER\u00c1 CONTEMPLADO COM ESCOLA DE GRANDE PORTE"},"content":{"rendered":"<p><a href=\"http:\/\/www.sudoestehoje.com.br\/novoportal\/wp-content\/uploads\/2018\/04\/FACHADA-ESCOLA-DETALHE.jpg\"><img loading=\"lazy\" decoding=\"async\" class=\"aligncenter size-medium wp-image-71456\" src=\"http:\/\/www.sudoestehoje.com.br\/novoportal\/wp-content\/uploads\/2018\/04\/FACHADA-ESCOLA-DETALHE-500x286.jpg\" alt=\"\" width=\"500\" height=\"286\" srcset=\"https:\/\/www.sudoestehoje.com.br\/novoportal\/wp-content\/uploads\/2018\/04\/FACHADA-ESCOLA-DETALHE-500x286.jpg 500w, https:\/\/www.sudoestehoje.com.br\/novoportal\/wp-content\/uploads\/2018\/04\/FACHADA-ESCOLA-DETALHE.jpg 630w\" sizes=\"auto, (max-width: 500px) 100vw, 500px\" \/><\/a><\/p>\n<p>Em dezembro de 2017, o prefeito Rodrigo Hagge foi contatado pelo Deputado Federal Jos\u00e9 Carlos Aleluia, informando que existiam\u00a0 recursos no FNDE, ainda do or\u00e7amento de 2017, que poderiam ser direcionados para Itapetinga, dentre eles um para a constru\u00e7\u00e3o da maior escola financiada pelo FNDE (Escola de Ensino Fundamental com 12 salas, gin\u00e1sio de esportes e anfiteatro) num investimento de 3 milh\u00f5es e novecentos mil reais.<\/p>\n<p><a href=\"http:\/\/www.sudoestehoje.com.br\/novoportal\/wp-content\/uploads\/2018\/04\/FACHADA-ESCOLA-DETALHE-3.jpg\"><img loading=\"lazy\" decoding=\"async\" class=\"aligncenter size-medium wp-image-71459\" src=\"http:\/\/www.sudoestehoje.com.br\/novoportal\/wp-content\/uploads\/2018\/04\/FACHADA-ESCOLA-DETALHE-3-500x333.jpg\" alt=\"\" width=\"500\" height=\"333\" srcset=\"https:\/\/www.sudoestehoje.com.br\/novoportal\/wp-content\/uploads\/2018\/04\/FACHADA-ESCOLA-DETALHE-3-500x333.jpg 500w, https:\/\/www.sudoestehoje.com.br\/novoportal\/wp-content\/uploads\/2018\/04\/FACHADA-ESCOLA-DETALHE-3-768x512.jpg 768w, https:\/\/www.sudoestehoje.com.br\/novoportal\/wp-content\/uploads\/2018\/04\/FACHADA-ESCOLA-DETALHE-3-700x467.jpg 700w\" sizes=\"auto, (max-width: 500px) 100vw, 500px\" \/><\/a><\/p>\n<p>O maior problema \u00e9 que o projeto teria que ser feito durante a madrugada e estar em Brasilia at\u00e9 as 11 horas do dia seguinte.\u00a0Imediatamente, o prefeito entrou em contato com o Secret\u00e1rio de Educa\u00e7\u00e3o Geraldo Trindade, que por sua vez garantiu que a equipe da Secretaria de Educa\u00e7\u00e3o daria conta da empreitada, e deu. \u00c0s 10h do dia 27, apenas dezesseis horas ap\u00f3s, o projeto deu entrada no FNDE e foi aprovado e empenhado.<\/p>\n<p><a href=\"http:\/\/www.sudoestehoje.com.br\/novoportal\/wp-content\/uploads\/2018\/04\/FACHADA-ESCOLA-DETALHE-4.jpg\"><img loading=\"lazy\" decoding=\"async\" class=\"aligncenter size-medium wp-image-71458\" src=\"http:\/\/www.sudoestehoje.com.br\/novoportal\/wp-content\/uploads\/2018\/04\/FACHADA-ESCOLA-DETALHE-4-500x333.jpg\" alt=\"\" width=\"500\" height=\"333\" srcset=\"https:\/\/www.sudoestehoje.com.br\/novoportal\/wp-content\/uploads\/2018\/04\/FACHADA-ESCOLA-DETALHE-4-500x333.jpg 500w, https:\/\/www.sudoestehoje.com.br\/novoportal\/wp-content\/uploads\/2018\/04\/FACHADA-ESCOLA-DETALHE-4-768x511.jpg 768w, https:\/\/www.sudoestehoje.com.br\/novoportal\/wp-content\/uploads\/2018\/04\/FACHADA-ESCOLA-DETALHE-4-700x466.jpg 700w, https:\/\/www.sudoestehoje.com.br\/novoportal\/wp-content\/uploads\/2018\/04\/FACHADA-ESCOLA-DETALHE-4.jpg 1470w\" sizes=\"auto, (max-width: 500px) 100vw, 500px\" \/><\/a><\/p>\n<p>Da\u00ed em diante, a maratona de apresenta\u00e7\u00e3o de documentos e a\u00e7\u00f5es presenciais (o prefeito j\u00e1 foi \u00e0 Brasilia duas vezes e o secret\u00e1rio de educa\u00e7\u00e3o uma vez) tem sido uma constante, culminando com a confirma\u00e7\u00e3o da assinatura em breve do conv\u00eanio para constru\u00e7\u00e3o da maior e melhor escola de ensino fundamental da Regi\u00e3o Sudoeste (ver fotos do projeto).<\/p>\n<p><a href=\"http:\/\/www.sudoestehoje.com.br\/novoportal\/wp-content\/uploads\/2018\/04\/FACHADA-ESCOLA-DETALHE-5.jpg\"><img loading=\"lazy\" decoding=\"async\" class=\"aligncenter size-medium wp-image-71457\" src=\"http:\/\/www.sudoestehoje.com.br\/novoportal\/wp-content\/uploads\/2018\/04\/FACHADA-ESCOLA-DETALHE-5-500x323.jpg\" alt=\"\" width=\"500\" height=\"323\" srcset=\"https:\/\/www.sudoestehoje.com.br\/novoportal\/wp-content\/uploads\/2018\/04\/FACHADA-ESCOLA-DETALHE-5-500x323.jpg 500w, https:\/\/www.sudoestehoje.com.br\/novoportal\/wp-content\/uploads\/2018\/04\/FACHADA-ESCOLA-DETALHE-5.jpg 520w\" sizes=\"auto, (max-width: 500px) 100vw, 500px\" \/><\/a><\/p>\n<p>A escola ser\u00e1 constru\u00edda am frente ao Residencial 12 de Dezembro e ter\u00e1 capacidade de atendimento de at\u00e9 780 alunos, em dois turnos (matutino e vespertino), e 390 alunos em per\u00edodo integral. \/\/<strong><em>Ascom Sec. Educa\u00e7\u00e3o<\/em><\/strong><\/p>\n<p><a href=\"http:\/\/www.sudoestehoje.com.br\/novoportal\/wp-content\/uploads\/2018\/04\/FACHADA-ESCOLA-DETALHE-2-1.jpg\"><img loading=\"lazy\" decoding=\"async\" class=\"aligncenter size-medium wp-image-71461\" src=\"http:\/\/www.sudoestehoje.com.br\/novoportal\/wp-content\/uploads\/2018\/04\/FACHADA-ESCOLA-DETALHE-2-1-500x141.jpg\" alt=\"\" width=\"500\" height=\"141\" srcset=\"https:\/\/www.sudoestehoje.com.br\/novoportal\/wp-content\/uploads\/2018\/04\/FACHADA-ESCOLA-DETALHE-2-1-500x141.jpg 500w, https:\/\/www.sudoestehoje.com.br\/novoportal\/wp-content\/uploads\/2018\/04\/FACHADA-ESCOLA-DETALHE-2-1-768x217.jpg 768w, https:\/\/www.sudoestehoje.com.br\/novoportal\/wp-content\/uploads\/2018\/04\/FACHADA-ESCOLA-DETALHE-2-1-700x198.jpg 700w, https:\/\/www.sudoestehoje.com.br\/novoportal\/wp-content\/uploads\/2018\/04\/FACHADA-ESCOLA-DETALHE-2-1.jpg 850w\" sizes=\"auto, (max-width: 500px) 100vw, 500px\" \/><\/a><\/p>\n<p><a href=\"http:\/\/www.sudoestehoje.com.br\/novoportal\/wp-content\/uploads\/2018\/04\/FACHADA-ESCOLA.jpg\"><img loading=\"lazy\" decoding=\"async\" class=\"aligncenter size-medium wp-image-71455\" src=\"http:\/\/www.sudoestehoje.com.br\/novoportal\/wp-content\/uploads\/2018\/04\/FACHADA-ESCOLA-500x141.jpg\" alt=\"\" width=\"500\" height=\"141\" srcset=\"https:\/\/www.sudoestehoje.com.br\/novoportal\/wp-content\/uploads\/2018\/04\/FACHADA-ESCOLA-500x141.jpg 500w, https:\/\/www.sudoestehoje.com.br\/novoportal\/wp-content\/uploads\/2018\/04\/FACHADA-ESCOLA-768x217.jpg 768w, https:\/\/www.sudoestehoje.com.br\/novoportal\/wp-content\/uploads\/2018\/04\/FACHADA-ESCOLA-700x198.jpg 700w, https:\/\/www.sudoestehoje.com.br\/novoportal\/wp-content\/uploads\/2018\/04\/FACHADA-ESCOLA.jpg 850w\" sizes=\"auto, (max-width: 500px) 100vw, 500px\" \/><\/a><\/p>\n","protected":false},"excerpt":{"rendered":"<p>Em dezembro de 2017, o prefeito Rodrigo Hagge foi contatado pelo Deputado Federal Jos\u00e9 Carlos Aleluia, informando que existiam\u00a0 recursos no FNDE, ainda do or\u00e7amento de 2017, que poderiam ser direcionados para Itapetinga, dentre eles um para a constru\u00e7\u00e3o da maior escola financiada pelo FNDE (Escola de Ensino Fundamental com 12 salas, gin\u00e1sio de esportes [&hellip;]<\/p>\n","protected":false},"author":2,"featured_media":71456,"comment_status":"open","ping_status":"open","sticky":false,"template":"","format":"standard","meta":{"footnotes":"","_links_to":"","_links_to_target":""},"categories":[1],"tags":[],"class_list":["post-71453","post","type-post","status-publish","format-standard","has-post-thumbnail","hentry","category-geral"],"views":2978,"_links":{"self":[{"href":"https:\/\/www.sudoestehoje.com.br\/novoportal\/wp-json\/wp\/v2\/posts\/71453","targetHints":{"allow":["GET"]}}],"collection":[{"href":"https:\/\/www.sudoestehoje.com.br\/novoportal\/wp-json\/wp\/v2\/posts"}],"about":[{"href":"https:\/\/www.sudoestehoje.com.br\/novoportal\/wp-json\/wp\/v2\/types\/post"}],"author":[{"embeddable":true,"href":"https:\/\/www.sudoestehoje.com.br\/novoportal\/wp-json\/wp\/v2\/users\/2"}],"replies":[{"embeddable":true,"href":"https:\/\/www.sudoestehoje.com.br\/novoportal\/wp-json\/wp\/v2\/comments?post=71453"}],"version-history":[{"count":5,"href":"https:\/\/www.sudoestehoje.com.br\/novoportal\/wp-json\/wp\/v2\/posts\/71453\/revisions"}],"predecessor-version":[{"id":71465,"href":"https:\/\/www.sudoestehoje.com.br\/novoportal\/wp-json\/wp\/v2\/posts\/71453\/revisions\/71465"}],"wp:featuredmedia":[{"embeddable":true,"href":"https:\/\/www.sudoestehoje.com.br\/novoportal\/wp-json\/wp\/v2\/media\/71456"}],"wp:attachment":[{"href":"https:\/\/www.sudoestehoje.com.br\/novoportal\/wp-json\/wp\/v2\/media?parent=71453"}],"wp:term":[{"taxonomy":"category","embeddable":true,"href":"https:\/\/www.sudoestehoje.com.br\/novoportal\/wp-json\/wp\/v2\/categories?post=71453"},{"taxonomy":"post_tag","embeddable":true,"href":"https:\/\/www.sudoestehoje.com.br\/novoportal\/wp-json\/wp\/v2\/tags?post=71453"}],"curies":[{"name":"wp","href":"https:\/\/api.w.org\/{rel}","templated":true}]}}