
{"id":71433,"date":"2018-04-10T19:22:41","date_gmt":"2018-04-10T22:22:41","guid":{"rendered":"http:\/\/www.sudoestehoje.com.br\/novoportal\/?p=71433"},"modified":"2018-04-10T21:56:53","modified_gmt":"2018-04-11T00:56:53","slug":"juiza-barra-visita-de-rui-costa-e-outros-governadores-a-lula-na-prisao-em-curitiba","status":"publish","type":"post","link":"https:\/\/www.sudoestehoje.com.br\/novoportal\/2018\/04\/10\/juiza-barra-visita-de-rui-costa-e-outros-governadores-a-lula-na-prisao-em-curitiba\/","title":{"rendered":"JU\u00cdZA BARRA VISITA DE RUI COSTA E OUTROS GOVERNADORES A LULA NA PRIS\u00c3O EM CURITIBA"},"content":{"rendered":"<p><a href=\"http:\/\/www.sudoestehoje.com.br\/novoportal\/wp-content\/uploads\/2018\/04\/GOVERNADORES-EM-CURITIBA.jpg\"><img loading=\"lazy\" decoding=\"async\" class=\"aligncenter size-medium wp-image-71434\" src=\"http:\/\/www.sudoestehoje.com.br\/novoportal\/wp-content\/uploads\/2018\/04\/GOVERNADORES-EM-CURITIBA-500x300.jpg\" alt=\"\" width=\"500\" height=\"300\" srcset=\"https:\/\/www.sudoestehoje.com.br\/novoportal\/wp-content\/uploads\/2018\/04\/GOVERNADORES-EM-CURITIBA-500x300.jpg 500w, https:\/\/www.sudoestehoje.com.br\/novoportal\/wp-content\/uploads\/2018\/04\/GOVERNADORES-EM-CURITIBA.jpg 699w\" sizes=\"auto, (max-width: 500px) 100vw, 500px\" \/><\/a><\/p>\n<p>A ju\u00edza da Vara de Execu\u00e7\u00f5es Penais de Curitiba, Carolina Moura Lebbos, negou pedido de governadores para realizarem visitas ao ex-presidente Luiz In\u00e1cio Lula da Silva na pris\u00e3o da Lava Jato. O petista est\u00e1 preso em Sala Especial desde s\u00e1bado, 7, no \u00faltimo andar do pr\u00e9dio sede da PF em Curitiba. Ele cumpre pena de 12 anos e um m\u00eas no caso triplex.<\/p>\n<div class=\"teads-inread\">Estava prevista a visita de governadores ao petista nesta ter\u00e7a-feira, 10 \u2013 Ti\u00e3o Viana (Acre), <strong>Rui Costa (Bahia)<\/strong>, Camilo Santana (Cear\u00e1), Wellington Dias (Piau\u00ed), Fl\u00e1vio Dino (Maranh\u00e3o), Renan Filho (Alagoas), Jackson Barreto (Sergipe), Fernando Pimentel (Minas Gerais) e Paulo C\u00e2mara (Pernambuco). Apenas Jackson e Pimentel ainda n\u00e3o chegaram na PF em Curitiba.<\/div>\n<p>Ao vetar a visita de pol\u00edticos ao ex-presidente, a ju\u00edza decidiu expressamente \u201cn\u00e3o h\u00e1 fundamento para a flexibiliza\u00e7\u00e3o do regime geral de visitas pr\u00f3prio \u00e0 carceragem da Pol\u00edcia Federal\u201d.<\/p>\n<p>A magistrada destacou trecho da ficha individual do apenado, referindo-se \u00e0 decis\u00e3o do juiz S\u00e9rgio Moro, que mandou prender Lula. <em>\u201cAl\u00e9m do recolhimento em Sala do Estado Maior, foi autorizado pelo juiz a disponibiliza\u00e7\u00e3o de um aparelho de televis\u00e3o para o condenado. Nenhum outro privil\u00e9gio foi concedido, inclusive sem privil\u00e9gios quanto a visita\u00e7\u00f5es, aplicando-se o regime geral de visitas da carceragem da Pol\u00edcia Federal, a fim de n\u00e3o inviabilizar o adequado funcionamento da reparti\u00e7\u00e3o p\u00fablica, tamb\u00e9m n\u00e3o se justificando novos privil\u00e9gios em rela\u00e7\u00e3o aos demais condenados\u201d<\/em>. \/\/ <em>O Globo<\/em><\/p>\n","protected":false},"excerpt":{"rendered":"<p>A ju\u00edza da Vara de Execu\u00e7\u00f5es Penais de Curitiba, Carolina Moura Lebbos, negou pedido de governadores para realizarem visitas ao ex-presidente Luiz In\u00e1cio Lula da Silva na pris\u00e3o da Lava Jato. O petista est\u00e1 preso em Sala Especial desde s\u00e1bado, 7, no \u00faltimo andar do pr\u00e9dio sede da PF em Curitiba. Ele cumpre pena de [&hellip;]<\/p>\n","protected":false},"author":2,"featured_media":71434,"comment_status":"open","ping_status":"open","sticky":false,"template":"","format":"standard","meta":{"footnotes":"","_links_to":"","_links_to_target":""},"categories":[1],"tags":[],"class_list":["post-71433","post","type-post","status-publish","format-standard","has-post-thumbnail","hentry","category-geral"],"views":1301,"_links":{"self":[{"href":"https:\/\/www.sudoestehoje.com.br\/novoportal\/wp-json\/wp\/v2\/posts\/71433","targetHints":{"allow":["GET"]}}],"collection":[{"href":"https:\/\/www.sudoestehoje.com.br\/novoportal\/wp-json\/wp\/v2\/posts"}],"about":[{"href":"https:\/\/www.sudoestehoje.com.br\/novoportal\/wp-json\/wp\/v2\/types\/post"}],"author":[{"embeddable":true,"href":"https:\/\/www.sudoestehoje.com.br\/novoportal\/wp-json\/wp\/v2\/users\/2"}],"replies":[{"embeddable":true,"href":"https:\/\/www.sudoestehoje.com.br\/novoportal\/wp-json\/wp\/v2\/comments?post=71433"}],"version-history":[{"count":3,"href":"https:\/\/www.sudoestehoje.com.br\/novoportal\/wp-json\/wp\/v2\/posts\/71433\/revisions"}],"predecessor-version":[{"id":71445,"href":"https:\/\/www.sudoestehoje.com.br\/novoportal\/wp-json\/wp\/v2\/posts\/71433\/revisions\/71445"}],"wp:featuredmedia":[{"embeddable":true,"href":"https:\/\/www.sudoestehoje.com.br\/novoportal\/wp-json\/wp\/v2\/media\/71434"}],"wp:attachment":[{"href":"https:\/\/www.sudoestehoje.com.br\/novoportal\/wp-json\/wp\/v2\/media?parent=71433"}],"wp:term":[{"taxonomy":"category","embeddable":true,"href":"https:\/\/www.sudoestehoje.com.br\/novoportal\/wp-json\/wp\/v2\/categories?post=71433"},{"taxonomy":"post_tag","embeddable":true,"href":"https:\/\/www.sudoestehoje.com.br\/novoportal\/wp-json\/wp\/v2\/tags?post=71433"}],"curies":[{"name":"wp","href":"https:\/\/api.w.org\/{rel}","templated":true}]}}