
{"id":71421,"date":"2018-04-09T20:38:46","date_gmt":"2018-04-09T23:38:46","guid":{"rendered":"http:\/\/www.sudoestehoje.com.br\/novoportal\/?p=71421"},"modified":"2018-04-09T20:38:46","modified_gmt":"2018-04-09T23:38:46","slug":"mdb-lanca-pre-candidatura-do-ex-ministro-joao-santana-ao-governo-da-bahia","status":"publish","type":"post","link":"https:\/\/www.sudoestehoje.com.br\/novoportal\/2018\/04\/09\/mdb-lanca-pre-candidatura-do-ex-ministro-joao-santana-ao-governo-da-bahia\/","title":{"rendered":"MDB LAN\u00c7A PR\u00c9-CANDIDATURA DO EX-MINISTRO JO\u00c3O SANTANA AO GOVERNO DA BAHIA"},"content":{"rendered":"<p class=\"yiv1919479334MsoNormal\"><a href=\"http:\/\/www.sudoestehoje.com.br\/novoportal\/wp-content\/uploads\/2018\/04\/MinistroJoaoSantana.jpg\"><img loading=\"lazy\" decoding=\"async\" class=\"aligncenter size-medium wp-image-71422\" src=\"http:\/\/www.sudoestehoje.com.br\/novoportal\/wp-content\/uploads\/2018\/04\/MinistroJoaoSantana-500x355.jpg\" alt=\"\" width=\"500\" height=\"355\" srcset=\"https:\/\/www.sudoestehoje.com.br\/novoportal\/wp-content\/uploads\/2018\/04\/MinistroJoaoSantana-500x355.jpg 500w, https:\/\/www.sudoestehoje.com.br\/novoportal\/wp-content\/uploads\/2018\/04\/MinistroJoaoSantana-768x545.jpg 768w, https:\/\/www.sudoestehoje.com.br\/novoportal\/wp-content\/uploads\/2018\/04\/MinistroJoaoSantana-700x497.jpg 700w, https:\/\/www.sudoestehoje.com.br\/novoportal\/wp-content\/uploads\/2018\/04\/MinistroJoaoSantana.jpg 800w\" sizes=\"auto, (max-width: 500px) 100vw, 500px\" \/><\/a><\/p>\n<p class=\"yiv1919479334MsoNormal\">Foi dado in\u00edcio nesta segunda-feira, 09, os trabalhos que envolvem a pr\u00e9-candidatura do ex-Ministro da Integra\u00e7\u00e3o, e atual presidente estadual, Jo\u00e3o Santana, ao cargo de Governador pelo MDB Bahia. Por se tratar de um emedebista hist\u00f3rico, a not\u00edcia foi recebida com grande satisfa\u00e7\u00e3o pelos dirigentes estaduais e correligion\u00e1rios da sigla que vieram conversar pessoalmente com o mesmo na sede do partido.<\/p>\n<p class=\"yiv1919479334MsoNormal\">Para Santana, a pr\u00e9-candidatura de um emedebista \u00e9 encarada de forma natural e esperada. \u201cO MDB \u00e9 um partido cuja tradi\u00e7\u00e3o \u00e9 participar dos processos eleitorais do pa\u00eds, com uma import\u00e2ncia pol\u00edtica na hist\u00f3ria do Brasil quando encabe\u00e7ou a luta contra a ditadura, por ser um partido que est\u00e1 presente em quase sua totalidade no estado da Bahia, e por ser a maior estrutura pol\u00edtica do pa\u00eds\u201d, afirma.<\/p>\n<p class=\"yiv1919479334MsoNormal\">Estiveram na manh\u00e3 de hoje na sede da sigla em conversa com o pr\u00e9-candidato, lideran\u00e7as como o ex-prefeito de Canavieiras, Almir Melo, que \u201cveio dar apoio total, integral e irrestrito\u201d \u00e0 pr\u00e9-candidatura; Jos\u00e9 Luiz Jiquiri e Bruno Jiquiri, de Cansan\u00e7\u00e3o; Pedro Arnaldo e o pr\u00e9-candidato a deputado federal Ronaldo Abude, de Itabuna, Osanah Set\u00faval, do MDB de Juazeiro, e Alceu Barros, ex-prefeito de Pedr\u00e3o.<\/p>\n","protected":false},"excerpt":{"rendered":"<p>Foi dado in\u00edcio nesta segunda-feira, 09, os trabalhos que envolvem a pr\u00e9-candidatura do ex-Ministro da Integra\u00e7\u00e3o, e atual presidente estadual, Jo\u00e3o Santana, ao cargo de Governador pelo MDB Bahia. Por se tratar de um emedebista hist\u00f3rico, a not\u00edcia foi recebida com grande satisfa\u00e7\u00e3o pelos dirigentes estaduais e correligion\u00e1rios da sigla que vieram conversar pessoalmente com [&hellip;]<\/p>\n","protected":false},"author":2,"featured_media":71422,"comment_status":"open","ping_status":"open","sticky":false,"template":"","format":"standard","meta":{"footnotes":"","_links_to":"","_links_to_target":""},"categories":[1],"tags":[],"class_list":["post-71421","post","type-post","status-publish","format-standard","has-post-thumbnail","hentry","category-geral"],"views":1187,"_links":{"self":[{"href":"https:\/\/www.sudoestehoje.com.br\/novoportal\/wp-json\/wp\/v2\/posts\/71421","targetHints":{"allow":["GET"]}}],"collection":[{"href":"https:\/\/www.sudoestehoje.com.br\/novoportal\/wp-json\/wp\/v2\/posts"}],"about":[{"href":"https:\/\/www.sudoestehoje.com.br\/novoportal\/wp-json\/wp\/v2\/types\/post"}],"author":[{"embeddable":true,"href":"https:\/\/www.sudoestehoje.com.br\/novoportal\/wp-json\/wp\/v2\/users\/2"}],"replies":[{"embeddable":true,"href":"https:\/\/www.sudoestehoje.com.br\/novoportal\/wp-json\/wp\/v2\/comments?post=71421"}],"version-history":[{"count":1,"href":"https:\/\/www.sudoestehoje.com.br\/novoportal\/wp-json\/wp\/v2\/posts\/71421\/revisions"}],"predecessor-version":[{"id":71423,"href":"https:\/\/www.sudoestehoje.com.br\/novoportal\/wp-json\/wp\/v2\/posts\/71421\/revisions\/71423"}],"wp:featuredmedia":[{"embeddable":true,"href":"https:\/\/www.sudoestehoje.com.br\/novoportal\/wp-json\/wp\/v2\/media\/71422"}],"wp:attachment":[{"href":"https:\/\/www.sudoestehoje.com.br\/novoportal\/wp-json\/wp\/v2\/media?parent=71421"}],"wp:term":[{"taxonomy":"category","embeddable":true,"href":"https:\/\/www.sudoestehoje.com.br\/novoportal\/wp-json\/wp\/v2\/categories?post=71421"},{"taxonomy":"post_tag","embeddable":true,"href":"https:\/\/www.sudoestehoje.com.br\/novoportal\/wp-json\/wp\/v2\/tags?post=71421"}],"curies":[{"name":"wp","href":"https:\/\/api.w.org\/{rel}","templated":true}]}}