
{"id":71415,"date":"2018-04-09T20:22:16","date_gmt":"2018-04-09T23:22:16","guid":{"rendered":"http:\/\/www.sudoestehoje.com.br\/novoportal\/?p=71415"},"modified":"2018-04-09T20:22:16","modified_gmt":"2018-04-09T23:22:16","slug":"uesb-elege-novo-reitor-nesta-quarta","status":"publish","type":"post","link":"https:\/\/www.sudoestehoje.com.br\/novoportal\/2018\/04\/09\/uesb-elege-novo-reitor-nesta-quarta\/","title":{"rendered":"UESB ELEGE NOVO REITOR NESTA QUARTA"},"content":{"rendered":"<p><a href=\"http:\/\/www.sudoestehoje.com.br\/novoportal\/wp-content\/uploads\/2018\/04\/uesb.jpg\"><img loading=\"lazy\" decoding=\"async\" class=\"aligncenter size-medium wp-image-71419\" src=\"http:\/\/www.sudoestehoje.com.br\/novoportal\/wp-content\/uploads\/2018\/04\/uesb-500x333.jpg\" alt=\"\" width=\"500\" height=\"333\" srcset=\"https:\/\/www.sudoestehoje.com.br\/novoportal\/wp-content\/uploads\/2018\/04\/uesb-500x333.jpg 500w, https:\/\/www.sudoestehoje.com.br\/novoportal\/wp-content\/uploads\/2018\/04\/uesb.jpg 600w\" sizes=\"auto, (max-width: 500px) 100vw, 500px\" \/><\/a><\/p>\n<p>A escolha dos novos gestores da Uesb, para os pr\u00f3ximos quatro anos, ocorrer\u00e1 nesta quarta-feira (11), nos campi de Vit\u00f3ria da Conquista, Itapetinga e Jequi\u00e9.<\/p>\n<p>Tr\u00eas candidaturas concorrem ao pleito: Daniel Silva e Cristina dos Santos (Alternativa Acad\u00eamica: em defesa da Uesb \u2013 chapa 1); Lu\u00eds Ot\u00e1vio de Magalh\u00e3es e Marcos Henrique Fernandes (Renova Uesb: uma outra universidade \u00e9 poss\u00edvel \u2013 chapa 2); M\u00e1rcia Lemos e Nelma Gusm\u00e3o (Tempo de Replantar Sonhos: criar uma universidade popular \u2013 chapa 3).<\/p>\n<p>Para votar, docentes, t\u00e9cnicos e estudantes devem se dirigir para as urnas espec\u00edficas de sua categoria, das 8h at\u00e9 22:30,\u00a0portando documento oficial de identifica\u00e7\u00e3o com foto. \/\/<em>Ascom Adusb<\/em><\/p>\n","protected":false},"excerpt":{"rendered":"<p>A escolha dos novos gestores da Uesb, para os pr\u00f3ximos quatro anos, ocorrer\u00e1 nesta quarta-feira (11), nos campi de Vit\u00f3ria da Conquista, Itapetinga e Jequi\u00e9. Tr\u00eas candidaturas concorrem ao pleito: Daniel Silva e Cristina dos Santos (Alternativa Acad\u00eamica: em defesa da Uesb \u2013 chapa 1); Lu\u00eds Ot\u00e1vio de Magalh\u00e3es e Marcos Henrique Fernandes (Renova Uesb: [&hellip;]<\/p>\n","protected":false},"author":2,"featured_media":71419,"comment_status":"open","ping_status":"open","sticky":false,"template":"","format":"standard","meta":{"footnotes":"","_links_to":"","_links_to_target":""},"categories":[1],"tags":[],"class_list":["post-71415","post","type-post","status-publish","format-standard","has-post-thumbnail","hentry","category-geral"],"views":1247,"_links":{"self":[{"href":"https:\/\/www.sudoestehoje.com.br\/novoportal\/wp-json\/wp\/v2\/posts\/71415","targetHints":{"allow":["GET"]}}],"collection":[{"href":"https:\/\/www.sudoestehoje.com.br\/novoportal\/wp-json\/wp\/v2\/posts"}],"about":[{"href":"https:\/\/www.sudoestehoje.com.br\/novoportal\/wp-json\/wp\/v2\/types\/post"}],"author":[{"embeddable":true,"href":"https:\/\/www.sudoestehoje.com.br\/novoportal\/wp-json\/wp\/v2\/users\/2"}],"replies":[{"embeddable":true,"href":"https:\/\/www.sudoestehoje.com.br\/novoportal\/wp-json\/wp\/v2\/comments?post=71415"}],"version-history":[{"count":4,"href":"https:\/\/www.sudoestehoje.com.br\/novoportal\/wp-json\/wp\/v2\/posts\/71415\/revisions"}],"predecessor-version":[{"id":71420,"href":"https:\/\/www.sudoestehoje.com.br\/novoportal\/wp-json\/wp\/v2\/posts\/71415\/revisions\/71420"}],"wp:featuredmedia":[{"embeddable":true,"href":"https:\/\/www.sudoestehoje.com.br\/novoportal\/wp-json\/wp\/v2\/media\/71419"}],"wp:attachment":[{"href":"https:\/\/www.sudoestehoje.com.br\/novoportal\/wp-json\/wp\/v2\/media?parent=71415"}],"wp:term":[{"taxonomy":"category","embeddable":true,"href":"https:\/\/www.sudoestehoje.com.br\/novoportal\/wp-json\/wp\/v2\/categories?post=71415"},{"taxonomy":"post_tag","embeddable":true,"href":"https:\/\/www.sudoestehoje.com.br\/novoportal\/wp-json\/wp\/v2\/tags?post=71415"}],"curies":[{"name":"wp","href":"https:\/\/api.w.org\/{rel}","templated":true}]}}