
{"id":71411,"date":"2018-04-09T19:18:24","date_gmt":"2018-04-09T22:18:24","guid":{"rendered":"http:\/\/www.sudoestehoje.com.br\/novoportal\/?p=71411"},"modified":"2018-04-09T20:48:03","modified_gmt":"2018-04-09T23:48:03","slug":"psdb-lanca-candidatura-do-deputado-federal-joao-gualberto-ao-governo","status":"publish","type":"post","link":"https:\/\/www.sudoestehoje.com.br\/novoportal\/2018\/04\/09\/psdb-lanca-candidatura-do-deputado-federal-joao-gualberto-ao-governo\/","title":{"rendered":"PSDB LAN\u00c7A PR\u00c9-CANDIDATURA DO DEPUTADO JO\u00c3O GUALBERTO AO GOVERNO"},"content":{"rendered":"<p><a href=\"http:\/\/www.sudoestehoje.com.br\/novoportal\/wp-content\/uploads\/2018\/04\/GUALBERTO.jpg\"><img loading=\"lazy\" decoding=\"async\" class=\"aligncenter size-medium wp-image-71412\" src=\"http:\/\/www.sudoestehoje.com.br\/novoportal\/wp-content\/uploads\/2018\/04\/GUALBERTO-500x350.jpg\" alt=\"\" width=\"500\" height=\"350\" srcset=\"https:\/\/www.sudoestehoje.com.br\/novoportal\/wp-content\/uploads\/2018\/04\/GUALBERTO-500x350.jpg 500w, https:\/\/www.sudoestehoje.com.br\/novoportal\/wp-content\/uploads\/2018\/04\/GUALBERTO.jpg 600w\" sizes=\"auto, (max-width: 500px) 100vw, 500px\" \/><\/a><\/p>\n<p>Presidente do PSDB da Bahia, o deputado federal Jo\u00e3o Gualberto foi oficializado, na manh\u00e3 desta segunda-feira (9), como pr\u00e9-candidato a governador da Bahia.<\/p>\n<p>Em entrevista \u00e0 imprensa, o tucano garantiu que sua candidatura \u00e9 para valer. <em>\u201cA minha candidatura vai at\u00e9 o fim. N\u00e3o \u00e9 para negociar. Eu quero ser o candidato da sociedade. Os partido parecem que deixaram a sociedade em segundo plano\u201d<\/em>, ressaltou, ao\u00a0pontuar que j\u00e1 h\u00e1 um integrante na chapa que \u00e9 o deputado federal Jutahy J\u00fanior, como candidato ao Senado.<\/p>\n<p>Gualberto evitou comentar se \u00e9 a favor da unifica\u00e7\u00e3o da oposi\u00e7\u00e3o ou se defende a estrat\u00e9gia de pulverizar as candidaturas oposicionistas.<em> \u201cVamos conversar com todos os partido do campo de oposi\u00e7\u00e3o. Eu gostaria de ter o apoio do campo de oposi\u00e7\u00e3o ao PT. Queria junto comigo\u201d<\/em>,\u00a0frisou.<\/p>\n<p>Perguntado se defendia que o Democratas\u00a0abra m\u00e3o da candidatura de Jos\u00e9 Ronaldo para apoi\u00e1-lo, Gualberto se esquivou:<em> \u201ceu n\u00e3o quero entrar nessa avalia\u00e7\u00e3o. A avalia\u00e7\u00e3o \u00e9 que o PSDB tem candidato\u201d<\/em>.<\/p>\n","protected":false},"excerpt":{"rendered":"<p>Presidente do PSDB da Bahia, o deputado federal Jo\u00e3o Gualberto foi oficializado, na manh\u00e3 desta segunda-feira (9), como pr\u00e9-candidato a governador da Bahia. Em entrevista \u00e0 imprensa, o tucano garantiu que sua candidatura \u00e9 para valer. \u201cA minha candidatura vai at\u00e9 o fim. N\u00e3o \u00e9 para negociar. Eu quero ser o candidato da sociedade. Os [&hellip;]<\/p>\n","protected":false},"author":2,"featured_media":71412,"comment_status":"open","ping_status":"open","sticky":false,"template":"","format":"standard","meta":{"footnotes":"","_links_to":"","_links_to_target":""},"categories":[1],"tags":[],"class_list":["post-71411","post","type-post","status-publish","format-standard","has-post-thumbnail","hentry","category-geral"],"views":1059,"_links":{"self":[{"href":"https:\/\/www.sudoestehoje.com.br\/novoportal\/wp-json\/wp\/v2\/posts\/71411","targetHints":{"allow":["GET"]}}],"collection":[{"href":"https:\/\/www.sudoestehoje.com.br\/novoportal\/wp-json\/wp\/v2\/posts"}],"about":[{"href":"https:\/\/www.sudoestehoje.com.br\/novoportal\/wp-json\/wp\/v2\/types\/post"}],"author":[{"embeddable":true,"href":"https:\/\/www.sudoestehoje.com.br\/novoportal\/wp-json\/wp\/v2\/users\/2"}],"replies":[{"embeddable":true,"href":"https:\/\/www.sudoestehoje.com.br\/novoportal\/wp-json\/wp\/v2\/comments?post=71411"}],"version-history":[{"count":4,"href":"https:\/\/www.sudoestehoje.com.br\/novoportal\/wp-json\/wp\/v2\/posts\/71411\/revisions"}],"predecessor-version":[{"id":71425,"href":"https:\/\/www.sudoestehoje.com.br\/novoportal\/wp-json\/wp\/v2\/posts\/71411\/revisions\/71425"}],"wp:featuredmedia":[{"embeddable":true,"href":"https:\/\/www.sudoestehoje.com.br\/novoportal\/wp-json\/wp\/v2\/media\/71412"}],"wp:attachment":[{"href":"https:\/\/www.sudoestehoje.com.br\/novoportal\/wp-json\/wp\/v2\/media?parent=71411"}],"wp:term":[{"taxonomy":"category","embeddable":true,"href":"https:\/\/www.sudoestehoje.com.br\/novoportal\/wp-json\/wp\/v2\/categories?post=71411"},{"taxonomy":"post_tag","embeddable":true,"href":"https:\/\/www.sudoestehoje.com.br\/novoportal\/wp-json\/wp\/v2\/tags?post=71411"}],"curies":[{"name":"wp","href":"https:\/\/api.w.org\/{rel}","templated":true}]}}