
{"id":71403,"date":"2018-04-09T12:04:22","date_gmt":"2018-04-09T15:04:22","guid":{"rendered":"http:\/\/www.sudoestehoje.com.br\/novoportal\/?p=71403"},"modified":"2018-04-09T12:04:22","modified_gmt":"2018-04-09T15:04:22","slug":"prefeitura-de-itambe-nega-galpao-para-fabrica-de-calcados-com-400-empregos","status":"publish","type":"post","link":"https:\/\/www.sudoestehoje.com.br\/novoportal\/2018\/04\/09\/prefeitura-de-itambe-nega-galpao-para-fabrica-de-calcados-com-400-empregos\/","title":{"rendered":"PREFEITURA DE ITAMB\u00c9 NEGA GALP\u00c3O PARA F\u00c1BRICA DE CAL\u00c7ADOS COM 400 EMPREGOS"},"content":{"rendered":"<p><a href=\"http:\/\/www.sudoestehoje.com.br\/novoportal\/wp-content\/uploads\/2018\/04\/GALP\u00c3O.jpg\"><img loading=\"lazy\" decoding=\"async\" class=\"aligncenter size-medium wp-image-71408\" src=\"http:\/\/www.sudoestehoje.com.br\/novoportal\/wp-content\/uploads\/2018\/04\/GALP\u00c3O-500x281.jpg\" alt=\"\" width=\"500\" height=\"281\" srcset=\"https:\/\/www.sudoestehoje.com.br\/novoportal\/wp-content\/uploads\/2018\/04\/GALP\u00c3O-500x281.jpg 500w, https:\/\/www.sudoestehoje.com.br\/novoportal\/wp-content\/uploads\/2018\/04\/GALP\u00c3O-768x432.jpg 768w, https:\/\/www.sudoestehoje.com.br\/novoportal\/wp-content\/uploads\/2018\/04\/GALP\u00c3O-700x393.jpg 700w, https:\/\/www.sudoestehoje.com.br\/novoportal\/wp-content\/uploads\/2018\/04\/GALP\u00c3O.jpg 1000w\" sizes=\"auto, (max-width: 500px) 100vw, 500px\" \/><\/a><\/p>\n<p>Segundo informa\u00e7\u00f5es que correm nos meios pol\u00edticos na regi\u00e3o, o prefeito de Itamb\u00e9, Eduardo Gama, teria negado um galp\u00e3o para instala\u00e7\u00e3o de uma nova f\u00e1brica de cal\u00e7ados em seu munic\u00edpio.<\/p>\n<p>Os empres\u00e1rios da nova ind\u00fastria, de acordo com informa\u00e7\u00f5es colhidas pelo blog, solicitaram ao prefeito a constru\u00e7\u00e3o de um novo galp\u00e3o, j\u00e1 que os dois que existem na cidade, remanescentes da Azal\u00e9ia, est\u00e3o ocupados pela B\u00e1rbara Kras, mas Eduardo Gama teria alegado indisponibilidade financeira para construir o novo galp\u00e3o.<\/p>\n<p>Com a negativa de Itamb\u00e9, outro prefeito da regi\u00e3o j\u00e1 teria assumido o compromisso de disponibilizar o galp\u00e3o para constru\u00e7\u00e3o da nova ind\u00fastria de cal\u00e7ados em seu munic\u00edpio, com gera\u00e7\u00e3o de 400 empregos, com apoio da Sudic.<\/p>\n<p><strong><em>Por Davi Ferraz\u00a0<\/em><\/strong><\/p>\n","protected":false},"excerpt":{"rendered":"<p>Segundo informa\u00e7\u00f5es que correm nos meios pol\u00edticos na regi\u00e3o, o prefeito de Itamb\u00e9, Eduardo Gama, teria negado um galp\u00e3o para instala\u00e7\u00e3o de uma nova f\u00e1brica de cal\u00e7ados em seu munic\u00edpio. Os empres\u00e1rios da nova ind\u00fastria, de acordo com informa\u00e7\u00f5es colhidas pelo blog, solicitaram ao prefeito a constru\u00e7\u00e3o de um novo galp\u00e3o, j\u00e1 que os dois [&hellip;]<\/p>\n","protected":false},"author":2,"featured_media":71408,"comment_status":"open","ping_status":"open","sticky":false,"template":"","format":"standard","meta":{"footnotes":"","_links_to":"","_links_to_target":""},"categories":[1],"tags":[],"class_list":["post-71403","post","type-post","status-publish","format-standard","has-post-thumbnail","hentry","category-geral"],"views":4840,"_links":{"self":[{"href":"https:\/\/www.sudoestehoje.com.br\/novoportal\/wp-json\/wp\/v2\/posts\/71403","targetHints":{"allow":["GET"]}}],"collection":[{"href":"https:\/\/www.sudoestehoje.com.br\/novoportal\/wp-json\/wp\/v2\/posts"}],"about":[{"href":"https:\/\/www.sudoestehoje.com.br\/novoportal\/wp-json\/wp\/v2\/types\/post"}],"author":[{"embeddable":true,"href":"https:\/\/www.sudoestehoje.com.br\/novoportal\/wp-json\/wp\/v2\/users\/2"}],"replies":[{"embeddable":true,"href":"https:\/\/www.sudoestehoje.com.br\/novoportal\/wp-json\/wp\/v2\/comments?post=71403"}],"version-history":[{"count":6,"href":"https:\/\/www.sudoestehoje.com.br\/novoportal\/wp-json\/wp\/v2\/posts\/71403\/revisions"}],"predecessor-version":[{"id":71410,"href":"https:\/\/www.sudoestehoje.com.br\/novoportal\/wp-json\/wp\/v2\/posts\/71403\/revisions\/71410"}],"wp:featuredmedia":[{"embeddable":true,"href":"https:\/\/www.sudoestehoje.com.br\/novoportal\/wp-json\/wp\/v2\/media\/71408"}],"wp:attachment":[{"href":"https:\/\/www.sudoestehoje.com.br\/novoportal\/wp-json\/wp\/v2\/media?parent=71403"}],"wp:term":[{"taxonomy":"category","embeddable":true,"href":"https:\/\/www.sudoestehoje.com.br\/novoportal\/wp-json\/wp\/v2\/categories?post=71403"},{"taxonomy":"post_tag","embeddable":true,"href":"https:\/\/www.sudoestehoje.com.br\/novoportal\/wp-json\/wp\/v2\/tags?post=71403"}],"curies":[{"name":"wp","href":"https:\/\/api.w.org\/{rel}","templated":true}]}}