
{"id":71393,"date":"2018-04-08T19:37:29","date_gmt":"2018-04-08T22:37:29","guid":{"rendered":"http:\/\/www.sudoestehoje.com.br\/novoportal\/?p=71393"},"modified":"2018-04-08T19:56:45","modified_gmt":"2018-04-08T22:56:45","slug":"prefeitura-de-macarani-vai-mal-das-pernas","status":"publish","type":"post","link":"https:\/\/www.sudoestehoje.com.br\/novoportal\/2018\/04\/08\/prefeitura-de-macarani-vai-mal-das-pernas\/","title":{"rendered":"PREFEITURA DE MACARANI VAI MAL DAS PERNAS"},"content":{"rendered":"<p><a href=\"http:\/\/www.sudoestehoje.com.br\/novoportal\/wp-content\/uploads\/2018\/04\/miller.jpg\"><img loading=\"lazy\" decoding=\"async\" class=\"aligncenter wp-image-71394\" src=\"http:\/\/www.sudoestehoje.com.br\/novoportal\/wp-content\/uploads\/2018\/04\/miller-500x310.jpg\" alt=\"\" width=\"485\" height=\"301\" \/><\/a><\/p>\n<p>De todos os prefeitos da regi\u00e3o, o que encontrou a casa mais arrumada foi o de Macarani, Miller Ferraz, m\u00e9dico renomado e competente, mas sem nenhuma experi\u00eancia em gest\u00e3o p\u00fablica. O pr\u00f3prio Miller, que foi vice do ex-prefeito Armando Porto, hoje seu principal advers\u00e1rio, n\u00e3o escondeu pra ningu\u00e9m que seu antecessor cuidou bem das finan\u00e7as municipais e que n\u00e3o haviam muitas d\u00edvidas a serem quitadas na sua gest\u00e3o, deixadas por Armando.<\/p>\n<p>1 ano e 3 meses depois, a prefeitura de Macarani est\u00e1 atolada em d\u00edvidas e com s\u00e9rias dificuldades para honrar com a folha de pagamento dos servidores. Fornecedores e prestadores de servi\u00e7o reclamam que t\u00eam batido \u00e0s portas do prefeito para receber pagamentos atrasados h\u00e1 meses, sem nenhum resultado.<\/p>\n<p>Outros prefeitos da regi\u00e3o, que pegaram as prefeituras com as finan\u00e7as em frangalhos, j\u00e1 come\u00e7am a se recuperar e a pagar em dia os seus parceiros. T\u00e1 na hora de Miller dar uma virada nisso a\u00ed. T\u00e1 precisando&#8230;<\/p>\n<p><strong><em>Por Davi Ferraz<\/em><\/strong><\/p>\n","protected":false},"excerpt":{"rendered":"<p>De todos os prefeitos da regi\u00e3o, o que encontrou a casa mais arrumada foi o de Macarani, Miller Ferraz, m\u00e9dico renomado e competente, mas sem nenhuma experi\u00eancia em gest\u00e3o p\u00fablica. O pr\u00f3prio Miller, que foi vice do ex-prefeito Armando Porto, hoje seu principal advers\u00e1rio, n\u00e3o escondeu pra ningu\u00e9m que seu antecessor cuidou bem das finan\u00e7as [&hellip;]<\/p>\n","protected":false},"author":2,"featured_media":71394,"comment_status":"open","ping_status":"open","sticky":false,"template":"","format":"standard","meta":{"footnotes":"","_links_to":"","_links_to_target":""},"categories":[1],"tags":[],"class_list":["post-71393","post","type-post","status-publish","format-standard","has-post-thumbnail","hentry","category-geral"],"views":2166,"_links":{"self":[{"href":"https:\/\/www.sudoestehoje.com.br\/novoportal\/wp-json\/wp\/v2\/posts\/71393","targetHints":{"allow":["GET"]}}],"collection":[{"href":"https:\/\/www.sudoestehoje.com.br\/novoportal\/wp-json\/wp\/v2\/posts"}],"about":[{"href":"https:\/\/www.sudoestehoje.com.br\/novoportal\/wp-json\/wp\/v2\/types\/post"}],"author":[{"embeddable":true,"href":"https:\/\/www.sudoestehoje.com.br\/novoportal\/wp-json\/wp\/v2\/users\/2"}],"replies":[{"embeddable":true,"href":"https:\/\/www.sudoestehoje.com.br\/novoportal\/wp-json\/wp\/v2\/comments?post=71393"}],"version-history":[{"count":3,"href":"https:\/\/www.sudoestehoje.com.br\/novoportal\/wp-json\/wp\/v2\/posts\/71393\/revisions"}],"predecessor-version":[{"id":71397,"href":"https:\/\/www.sudoestehoje.com.br\/novoportal\/wp-json\/wp\/v2\/posts\/71393\/revisions\/71397"}],"wp:featuredmedia":[{"embeddable":true,"href":"https:\/\/www.sudoestehoje.com.br\/novoportal\/wp-json\/wp\/v2\/media\/71394"}],"wp:attachment":[{"href":"https:\/\/www.sudoestehoje.com.br\/novoportal\/wp-json\/wp\/v2\/media?parent=71393"}],"wp:term":[{"taxonomy":"category","embeddable":true,"href":"https:\/\/www.sudoestehoje.com.br\/novoportal\/wp-json\/wp\/v2\/categories?post=71393"},{"taxonomy":"post_tag","embeddable":true,"href":"https:\/\/www.sudoestehoje.com.br\/novoportal\/wp-json\/wp\/v2\/tags?post=71393"}],"curies":[{"name":"wp","href":"https:\/\/api.w.org\/{rel}","templated":true}]}}