
{"id":71376,"date":"2018-04-07T21:54:15","date_gmt":"2018-04-08T00:54:15","guid":{"rendered":"http:\/\/www.sudoestehoje.com.br\/novoportal\/?p=71376"},"modified":"2018-04-07T21:54:15","modified_gmt":"2018-04-08T00:54:15","slug":"apos-caruara-de-acm-neto-ze-ronaldo-assume-pre-candidatura-ao-governo","status":"publish","type":"post","link":"https:\/\/www.sudoestehoje.com.br\/novoportal\/2018\/04\/07\/apos-caruara-de-acm-neto-ze-ronaldo-assume-pre-candidatura-ao-governo\/","title":{"rendered":"AP\u00d3S &#8216;CARUARA&#8217; DE ACM NETO, Z\u00c9 RONALDO ASSUME PR\u00c9-CANDIDATURA AO GOVERNO"},"content":{"rendered":"<p><a href=\"http:\/\/www.sudoestehoje.com.br\/novoportal\/wp-content\/uploads\/2018\/04\/ze-ronaldo.jpg\"><img loading=\"lazy\" decoding=\"async\" class=\"aligncenter size-medium wp-image-71382\" src=\"http:\/\/www.sudoestehoje.com.br\/novoportal\/wp-content\/uploads\/2018\/04\/ze-ronaldo-500x375.jpg\" alt=\"\" width=\"500\" height=\"375\" srcset=\"https:\/\/www.sudoestehoje.com.br\/novoportal\/wp-content\/uploads\/2018\/04\/ze-ronaldo-500x375.jpg 500w, https:\/\/www.sudoestehoje.com.br\/novoportal\/wp-content\/uploads\/2018\/04\/ze-ronaldo.jpg 620w\" sizes=\"auto, (max-width: 500px) 100vw, 500px\" \/><\/a><\/p>\n<p>Ap\u00f3s o recuo vergonhoso do l\u00edder democrata ACM Neto, que usou os partidos de oposi\u00e7\u00e3o, durante anos, para se promover politicamente e conquistar dois mandatos como prefeito de Salvador, o prefeito de Feira de Santana, Jos\u00e9 Ronaldo (DEM), seguiu a rota contr\u00e1ria e deixou a prefeitura para assumir heroicamente a candidatura ao governo da Bahia, pelas oposi\u00e7\u00f5es.<\/p>\n<p>A confirma\u00e7\u00e3o da pr\u00e9-candidatura de Z\u00e9 Ronaldo ocorreu no final da manh\u00e3 deste s\u00e1bado (7), durante entrevista coletiva realizada em Feira de Santana, quando ele declarou estar &#8220;<em>preparado para o desafio<\/em>&#8220;.<\/p>\n<p>PERFIL<\/p>\n<p class=\"bodytext\">Jos\u00e9 Ronaldo de Carvalho, ou simplesmente Z\u00e9 Ronaldo, \u00e9 natural de Paripiranga, no Nordeste do estado, mas mora em Feira de Santana desde anos 60, quando chegou no munic\u00edpio para estudar e trabalhar.<\/p>\n<p class=\"bodytext\">\u00c9 graduado em Administra\u00e7\u00e3o de Empresas pela Universidade Estadual de Feira de Santana (Uefs), atuou como professor, e tamb\u00e9m trabalhou como diretor executivo na Companhia de Pneus Tropical, atual Pirelli; na Superintend\u00eancia de Desenvolvimento Industrial e Comercial, a antiga Cedic; foi diretor do Hospital Dom Pedro de Alc\u00e2ntara, em Feira,\u00a0e teve passagem pela Secretaria Estadual de Educa\u00e7\u00e3o e Cultura.<\/p>\n<p class=\"bodytext\">A vida pol\u00edtica teve in\u00edcio em 1976, na C\u00e2mara de Vereadores de Feira, pelo partido Arena. Nas elei\u00e7\u00f5es seguintes, concorreu ao mesmo cargo pelo PDS e deixou\u00a0de ser suplente. Em 1986 foi eleito deputado estadual e reeleito nos anos de 1990 e 1994. Foi l\u00edder do PFL e representou o ent\u00e3o governador Paulo Souto na Assembleia.<\/p>\n<p class=\"bodytext\">No final dos anos 90, assumiu\u00a0um cargo na C\u00e2mara Federal com a terceira maior vota\u00e7\u00e3o do estado. Em 2000, voltou \u00e0 pol\u00edtica local como prefeito de Feira de Santana e se reelegeu em 2004. Voltou ainda\u00a0\u00e0 prefeitura em 2012 e foi reeleito em 2016. Filho de Maria Rosalina e Joaquim Ant\u00f4nio de Carvalho, \u00e9 casado e tem tr\u00eas filhos.<\/p>\n","protected":false},"excerpt":{"rendered":"<p>Ap\u00f3s o recuo vergonhoso do l\u00edder democrata ACM Neto, que usou os partidos de oposi\u00e7\u00e3o, durante anos, para se promover politicamente e conquistar dois mandatos como prefeito de Salvador, o prefeito de Feira de Santana, Jos\u00e9 Ronaldo (DEM), seguiu a rota contr\u00e1ria e deixou a prefeitura para assumir heroicamente a candidatura ao governo da Bahia, [&hellip;]<\/p>\n","protected":false},"author":2,"featured_media":71382,"comment_status":"open","ping_status":"open","sticky":false,"template":"","format":"standard","meta":{"footnotes":"","_links_to":"","_links_to_target":""},"categories":[1],"tags":[],"class_list":["post-71376","post","type-post","status-publish","format-standard","has-post-thumbnail","hentry","category-geral"],"views":3744,"_links":{"self":[{"href":"https:\/\/www.sudoestehoje.com.br\/novoportal\/wp-json\/wp\/v2\/posts\/71376","targetHints":{"allow":["GET"]}}],"collection":[{"href":"https:\/\/www.sudoestehoje.com.br\/novoportal\/wp-json\/wp\/v2\/posts"}],"about":[{"href":"https:\/\/www.sudoestehoje.com.br\/novoportal\/wp-json\/wp\/v2\/types\/post"}],"author":[{"embeddable":true,"href":"https:\/\/www.sudoestehoje.com.br\/novoportal\/wp-json\/wp\/v2\/users\/2"}],"replies":[{"embeddable":true,"href":"https:\/\/www.sudoestehoje.com.br\/novoportal\/wp-json\/wp\/v2\/comments?post=71376"}],"version-history":[{"count":9,"href":"https:\/\/www.sudoestehoje.com.br\/novoportal\/wp-json\/wp\/v2\/posts\/71376\/revisions"}],"predecessor-version":[{"id":71386,"href":"https:\/\/www.sudoestehoje.com.br\/novoportal\/wp-json\/wp\/v2\/posts\/71376\/revisions\/71386"}],"wp:featuredmedia":[{"embeddable":true,"href":"https:\/\/www.sudoestehoje.com.br\/novoportal\/wp-json\/wp\/v2\/media\/71382"}],"wp:attachment":[{"href":"https:\/\/www.sudoestehoje.com.br\/novoportal\/wp-json\/wp\/v2\/media?parent=71376"}],"wp:term":[{"taxonomy":"category","embeddable":true,"href":"https:\/\/www.sudoestehoje.com.br\/novoportal\/wp-json\/wp\/v2\/categories?post=71376"},{"taxonomy":"post_tag","embeddable":true,"href":"https:\/\/www.sudoestehoje.com.br\/novoportal\/wp-json\/wp\/v2\/tags?post=71376"}],"curies":[{"name":"wp","href":"https:\/\/api.w.org\/{rel}","templated":true}]}}