
{"id":71370,"date":"2018-04-07T20:54:51","date_gmt":"2018-04-07T23:54:51","guid":{"rendered":"http:\/\/www.sudoestehoje.com.br\/novoportal\/?p=71370"},"modified":"2018-04-07T21:07:45","modified_gmt":"2018-04-08T00:07:45","slug":"apos-prisao-lula-e-conduzido-a-curitiba","status":"publish","type":"post","link":"https:\/\/www.sudoestehoje.com.br\/novoportal\/2018\/04\/07\/apos-prisao-lula-e-conduzido-a-curitiba\/","title":{"rendered":"AP\u00d3S PRIS\u00c3O, LULA \u00c9 CONDUZIDO A CURITIBA"},"content":{"rendered":"<p><a href=\"http:\/\/www.sudoestehoje.com.br\/novoportal\/wp-content\/uploads\/2018\/04\/LULA-PRESO-2.jpg\"><img loading=\"lazy\" decoding=\"async\" class=\"aligncenter size-medium wp-image-71371\" src=\"http:\/\/www.sudoestehoje.com.br\/novoportal\/wp-content\/uploads\/2018\/04\/LULA-PRESO-2-500x333.jpg\" alt=\"\" width=\"500\" height=\"333\" srcset=\"https:\/\/www.sudoestehoje.com.br\/novoportal\/wp-content\/uploads\/2018\/04\/LULA-PRESO-2-500x333.jpg 500w, https:\/\/www.sudoestehoje.com.br\/novoportal\/wp-content\/uploads\/2018\/04\/LULA-PRESO-2-768x511.jpg 768w, https:\/\/www.sudoestehoje.com.br\/novoportal\/wp-content\/uploads\/2018\/04\/LULA-PRESO-2-700x466.jpg 700w, https:\/\/www.sudoestehoje.com.br\/novoportal\/wp-content\/uploads\/2018\/04\/LULA-PRESO-2.jpg 960w\" sizes=\"auto, (max-width: 500px) 100vw, 500px\" \/><\/a><\/p>\n<p>Por volta das 19h, o ex-presidente Lula se entregou \u00e0 Pol\u00edcia Federal e foi conduzido em viatura at\u00e9 a Superintend\u00eancia da PF em S\u00e3o Paulo, onde foi feito o exame de Corpo de Delito, procedimento obrigat\u00f3rio.<\/p>\n<p>Em seguida, Lula foi transportado de helic\u00f3ptero at\u00e9 o aeroporto de Congonhas, seguindo de avi\u00e3o para Curitiba, onde cumprir\u00e1 a pena de 12 anos, ap\u00f3s condena\u00e7\u00e3o no processo do triplex de Guaruj\u00e1.<\/p>\n<p><a href=\"http:\/\/www.sudoestehoje.com.br\/novoportal\/wp-content\/uploads\/2018\/04\/lula-3.jpg\"><img loading=\"lazy\" decoding=\"async\" class=\"aligncenter size-medium wp-image-71374\" src=\"http:\/\/www.sudoestehoje.com.br\/novoportal\/wp-content\/uploads\/2018\/04\/lula-3-500x319.jpg\" alt=\"\" width=\"500\" height=\"319\" srcset=\"https:\/\/www.sudoestehoje.com.br\/novoportal\/wp-content\/uploads\/2018\/04\/lula-3-500x319.jpg 500w, https:\/\/www.sudoestehoje.com.br\/novoportal\/wp-content\/uploads\/2018\/04\/lula-3-768x490.jpg 768w, https:\/\/www.sudoestehoje.com.br\/novoportal\/wp-content\/uploads\/2018\/04\/lula-3-700x447.jpg 700w, https:\/\/www.sudoestehoje.com.br\/novoportal\/wp-content\/uploads\/2018\/04\/lula-3.jpg 960w\" sizes=\"auto, (max-width: 500px) 100vw, 500px\" \/><\/a><\/p>\n<p>A previs\u00e3o \u00e9 de que o avi\u00e3o que conduz o ex-presidente chegue \u00e0 capital paranaense por volta das 22h.<\/p>\n<p><strong><em>Por Davi Ferraz<\/em><\/strong><\/p>\n","protected":false},"excerpt":{"rendered":"<p>Por volta das 19h, o ex-presidente Lula se entregou \u00e0 Pol\u00edcia Federal e foi conduzido em viatura at\u00e9 a Superintend\u00eancia da PF em S\u00e3o Paulo, onde foi feito o exame de Corpo de Delito, procedimento obrigat\u00f3rio. Em seguida, Lula foi transportado de helic\u00f3ptero at\u00e9 o aeroporto de Congonhas, seguindo de avi\u00e3o para Curitiba, onde cumprir\u00e1 [&hellip;]<\/p>\n","protected":false},"author":2,"featured_media":71371,"comment_status":"open","ping_status":"open","sticky":false,"template":"","format":"standard","meta":{"footnotes":"","_links_to":"","_links_to_target":""},"categories":[1],"tags":[],"class_list":["post-71370","post","type-post","status-publish","format-standard","has-post-thumbnail","hentry","category-geral"],"views":1298,"_links":{"self":[{"href":"https:\/\/www.sudoestehoje.com.br\/novoportal\/wp-json\/wp\/v2\/posts\/71370","targetHints":{"allow":["GET"]}}],"collection":[{"href":"https:\/\/www.sudoestehoje.com.br\/novoportal\/wp-json\/wp\/v2\/posts"}],"about":[{"href":"https:\/\/www.sudoestehoje.com.br\/novoportal\/wp-json\/wp\/v2\/types\/post"}],"author":[{"embeddable":true,"href":"https:\/\/www.sudoestehoje.com.br\/novoportal\/wp-json\/wp\/v2\/users\/2"}],"replies":[{"embeddable":true,"href":"https:\/\/www.sudoestehoje.com.br\/novoportal\/wp-json\/wp\/v2\/comments?post=71370"}],"version-history":[{"count":3,"href":"https:\/\/www.sudoestehoje.com.br\/novoportal\/wp-json\/wp\/v2\/posts\/71370\/revisions"}],"predecessor-version":[{"id":71375,"href":"https:\/\/www.sudoestehoje.com.br\/novoportal\/wp-json\/wp\/v2\/posts\/71370\/revisions\/71375"}],"wp:featuredmedia":[{"embeddable":true,"href":"https:\/\/www.sudoestehoje.com.br\/novoportal\/wp-json\/wp\/v2\/media\/71371"}],"wp:attachment":[{"href":"https:\/\/www.sudoestehoje.com.br\/novoportal\/wp-json\/wp\/v2\/media?parent=71370"}],"wp:term":[{"taxonomy":"category","embeddable":true,"href":"https:\/\/www.sudoestehoje.com.br\/novoportal\/wp-json\/wp\/v2\/categories?post=71370"},{"taxonomy":"post_tag","embeddable":true,"href":"https:\/\/www.sudoestehoje.com.br\/novoportal\/wp-json\/wp\/v2\/tags?post=71370"}],"curies":[{"name":"wp","href":"https:\/\/api.w.org\/{rel}","templated":true}]}}