
{"id":71359,"date":"2018-04-07T19:05:27","date_gmt":"2018-04-07T22:05:27","guid":{"rendered":"http:\/\/www.sudoestehoje.com.br\/novoportal\/?p=71359"},"modified":"2018-04-07T19:10:44","modified_gmt":"2018-04-07T22:10:44","slug":"urgente-lula-se-entrega-a-policia-federal","status":"publish","type":"post","link":"https:\/\/www.sudoestehoje.com.br\/novoportal\/2018\/04\/07\/urgente-lula-se-entrega-a-policia-federal\/","title":{"rendered":"URGENTE! LULA SE ENTREGA \u00c0 POL\u00cdCIA FEDERAL"},"content":{"rendered":"<p><a href=\"http:\/\/www.sudoestehoje.com.br\/novoportal\/wp-content\/uploads\/2018\/04\/LULA-PRESO-1.jpg\"><img loading=\"lazy\" decoding=\"async\" class=\"aligncenter size-medium wp-image-71361\" src=\"http:\/\/www.sudoestehoje.com.br\/novoportal\/wp-content\/uploads\/2018\/04\/LULA-PRESO-1-500x375.jpg\" alt=\"\" width=\"500\" height=\"375\" srcset=\"https:\/\/www.sudoestehoje.com.br\/novoportal\/wp-content\/uploads\/2018\/04\/LULA-PRESO-1-500x375.jpg 500w, https:\/\/www.sudoestehoje.com.br\/novoportal\/wp-content\/uploads\/2018\/04\/LULA-PRESO-1-768x576.jpg 768w, https:\/\/www.sudoestehoje.com.br\/novoportal\/wp-content\/uploads\/2018\/04\/LULA-PRESO-1-700x525.jpg 700w, https:\/\/www.sudoestehoje.com.br\/novoportal\/wp-content\/uploads\/2018\/04\/LULA-PRESO-1.jpg 960w\" sizes=\"auto, (max-width: 500px) 100vw, 500px\" \/><\/a><\/p>\n<p>O ex-presidente Luiz In\u00e1cio lula da Silva, deixou \u00e0s 18h41 o pr\u00e9dio do Sindicato dos Metal\u00fargicos do ABC pela segunda vez e caminhou em meio \u00e0 milit\u00e2ncia. Na primeira tentativa, Lula entrou no carro junto com seus advogados e foi impedido pelos presentes de deixar o local.<\/p>\n<p>O ex-presidente foi ao encontro de um comboio da Pol\u00edcia Federal, mas ainda n\u00e3o h\u00e1 informa\u00e7\u00f5es sobre o destino dos carros: se o aeroporto de Congonhas ou a Superintend\u00eancia da Pol\u00edcia Federal em S\u00e3o Paulo.<\/p>\n<p><a href=\"http:\/\/www.sudoestehoje.com.br\/novoportal\/wp-content\/uploads\/2018\/04\/LULA-PRESO-1-1.jpg\"><img loading=\"lazy\" decoding=\"async\" class=\"aligncenter size-medium wp-image-71365\" src=\"http:\/\/www.sudoestehoje.com.br\/novoportal\/wp-content\/uploads\/2018\/04\/LULA-PRESO-1-1-500x375.jpg\" alt=\"\" width=\"500\" height=\"375\" srcset=\"https:\/\/www.sudoestehoje.com.br\/novoportal\/wp-content\/uploads\/2018\/04\/LULA-PRESO-1-1-500x375.jpg 500w, https:\/\/www.sudoestehoje.com.br\/novoportal\/wp-content\/uploads\/2018\/04\/LULA-PRESO-1-1-768x576.jpg 768w, https:\/\/www.sudoestehoje.com.br\/novoportal\/wp-content\/uploads\/2018\/04\/LULA-PRESO-1-1-700x525.jpg 700w, https:\/\/www.sudoestehoje.com.br\/novoportal\/wp-content\/uploads\/2018\/04\/LULA-PRESO-1-1.jpg 960w\" sizes=\"auto, (max-width: 500px) 100vw, 500px\" \/><\/a><\/p>\n<p>Na primeira tentativa de Lula deixar o sindicato, em um carro, manifestantes bloquearam os port\u00f5es e impediram a sua sa\u00edda. Depois, o comando do PT pediu para que a sa\u00edda do ex-presidente fosse liberada, para evitar que o juiz Sergio Moro decretasse sua pris\u00e3o preventiva.<\/p>\n","protected":false},"excerpt":{"rendered":"<p>O ex-presidente Luiz In\u00e1cio lula da Silva, deixou \u00e0s 18h41 o pr\u00e9dio do Sindicato dos Metal\u00fargicos do ABC pela segunda vez e caminhou em meio \u00e0 milit\u00e2ncia. Na primeira tentativa, Lula entrou no carro junto com seus advogados e foi impedido pelos presentes de deixar o local. O ex-presidente foi ao encontro de um comboio [&hellip;]<\/p>\n","protected":false},"author":2,"featured_media":71361,"comment_status":"open","ping_status":"open","sticky":false,"template":"","format":"standard","meta":{"footnotes":"","_links_to":"","_links_to_target":""},"categories":[1],"tags":[],"class_list":["post-71359","post","type-post","status-publish","format-standard","has-post-thumbnail","hentry","category-geral"],"views":1176,"_links":{"self":[{"href":"https:\/\/www.sudoestehoje.com.br\/novoportal\/wp-json\/wp\/v2\/posts\/71359","targetHints":{"allow":["GET"]}}],"collection":[{"href":"https:\/\/www.sudoestehoje.com.br\/novoportal\/wp-json\/wp\/v2\/posts"}],"about":[{"href":"https:\/\/www.sudoestehoje.com.br\/novoportal\/wp-json\/wp\/v2\/types\/post"}],"author":[{"embeddable":true,"href":"https:\/\/www.sudoestehoje.com.br\/novoportal\/wp-json\/wp\/v2\/users\/2"}],"replies":[{"embeddable":true,"href":"https:\/\/www.sudoestehoje.com.br\/novoportal\/wp-json\/wp\/v2\/comments?post=71359"}],"version-history":[{"count":6,"href":"https:\/\/www.sudoestehoje.com.br\/novoportal\/wp-json\/wp\/v2\/posts\/71359\/revisions"}],"predecessor-version":[{"id":71367,"href":"https:\/\/www.sudoestehoje.com.br\/novoportal\/wp-json\/wp\/v2\/posts\/71359\/revisions\/71367"}],"wp:featuredmedia":[{"embeddable":true,"href":"https:\/\/www.sudoestehoje.com.br\/novoportal\/wp-json\/wp\/v2\/media\/71361"}],"wp:attachment":[{"href":"https:\/\/www.sudoestehoje.com.br\/novoportal\/wp-json\/wp\/v2\/media?parent=71359"}],"wp:term":[{"taxonomy":"category","embeddable":true,"href":"https:\/\/www.sudoestehoje.com.br\/novoportal\/wp-json\/wp\/v2\/categories?post=71359"},{"taxonomy":"post_tag","embeddable":true,"href":"https:\/\/www.sudoestehoje.com.br\/novoportal\/wp-json\/wp\/v2\/tags?post=71359"}],"curies":[{"name":"wp","href":"https:\/\/api.w.org\/{rel}","templated":true}]}}