
{"id":71338,"date":"2018-04-06T14:30:37","date_gmt":"2018-04-06T17:30:37","guid":{"rendered":"http:\/\/www.sudoestehoje.com.br\/novoportal\/?p=71338"},"modified":"2018-04-07T00:34:38","modified_gmt":"2018-04-07T03:34:38","slug":"decepcao-acm-neto-desiste-de-candidatura-ao-governo-e-frustra-oposicoes","status":"publish","type":"post","link":"https:\/\/www.sudoestehoje.com.br\/novoportal\/2018\/04\/06\/decepcao-acm-neto-desiste-de-candidatura-ao-governo-e-frustra-oposicoes\/","title":{"rendered":"DECEP\u00c7\u00c3O! ACM NETO DESISTE DE CANDIDATURA AO GOVERNO E FRUSTRA OPOSI\u00c7\u00d5ES"},"content":{"rendered":"<div id=\"attachment_71339\" style=\"width: 510px\" class=\"wp-caption aligncenter\"><a href=\"http:\/\/www.sudoestehoje.com.br\/novoportal\/wp-content\/uploads\/2018\/04\/neto-frouxo.jpg\"><img loading=\"lazy\" decoding=\"async\" aria-describedby=\"caption-attachment-71339\" class=\"size-medium wp-image-71339\" src=\"http:\/\/www.sudoestehoje.com.br\/novoportal\/wp-content\/uploads\/2018\/04\/neto-frouxo-500x333.jpg\" alt=\"\" width=\"500\" height=\"333\" srcset=\"https:\/\/www.sudoestehoje.com.br\/novoportal\/wp-content\/uploads\/2018\/04\/neto-frouxo-500x333.jpg 500w, https:\/\/www.sudoestehoje.com.br\/novoportal\/wp-content\/uploads\/2018\/04\/neto-frouxo-768x512.jpg 768w, https:\/\/www.sudoestehoje.com.br\/novoportal\/wp-content\/uploads\/2018\/04\/neto-frouxo-700x467.jpg 700w\" sizes=\"auto, (max-width: 500px) 100vw, 500px\" \/><\/a><p id=\"caption-attachment-71339\" class=\"wp-caption-text\">Ant\u00f4nio Carlos Peixoto de Magalh\u00e3es Neto (ACM Neto)<\/p><\/div>\n<p>Depois de liderar as oposi\u00e7\u00f5es em toda a Bahia e ser dado como principal nome para a disputar com o governador Rui Costa (PT) a sucess\u00e3o ao governo do estado, o prefeito de Salvador, ACM Neto (DEM), surpreendeu os baianos ao anunciar, nesta sexta-feira (6), que n\u00e3o deixar\u00e1 a prefeitura para concorrer ao governo.<\/p>\n<p>A desist\u00eancia de \u00faltima hora do l\u00edder democrata deixou as oposi\u00e7\u00f5es a ver navios e est\u00e1 sendo encarada como &#8220;ato de covardia&#8221; por parte de Neto, que alegou &#8220;motivos do cora\u00e7\u00e3o&#8221; para n\u00e3o renunciar ao cargo de prefeito e encarar a dura disputa contra o PT.<\/p>\n<p>Com essa atitude, Neto sepultou de vez o sonho oposicionista de retornar ao comando do governo da Bahia, al\u00e9m de comprometer in\u00fameras candidaturas de deputados estaduais e federais, que ficaram totalmente atordoados com a sua desist\u00eancia.<\/p>\n<p>A &#8216;caruara&#8217; de Neto vai custar alto aos pol\u00edticos de oposi\u00e7\u00e3o e a ele pr\u00f3prio, que n\u00e3o se livrar\u00e1 t\u00e3o cedo da pecha de pol\u00edtico &#8216;medroso e sem personalidade&#8217;.<\/p>\n<p>O PT vai nadar de bra\u00e7adas nestas elei\u00e7\u00f5es, pois n\u00e3o h\u00e1 nas oposi\u00e7\u00f5es da Bahia nenhum nome com peso pol\u00edtico capaz de derrotar Rui Costa.<\/p>\n<p>Do av\u00f4, Neto s\u00f3 herdou o nome&#8230;<\/p>\n<p><strong><em>Por Davi Ferraz<\/em><\/strong><\/p>\n","protected":false},"excerpt":{"rendered":"<p>Depois de liderar as oposi\u00e7\u00f5es em toda a Bahia e ser dado como principal nome para a disputar com o governador Rui Costa (PT) a sucess\u00e3o ao governo do estado, o prefeito de Salvador, ACM Neto (DEM), surpreendeu os baianos ao anunciar, nesta sexta-feira (6), que n\u00e3o deixar\u00e1 a prefeitura para concorrer ao governo. A [&hellip;]<\/p>\n","protected":false},"author":2,"featured_media":71339,"comment_status":"open","ping_status":"open","sticky":false,"template":"","format":"standard","meta":{"footnotes":"","_links_to":"","_links_to_target":""},"categories":[1],"tags":[],"class_list":["post-71338","post","type-post","status-publish","format-standard","has-post-thumbnail","hentry","category-geral"],"views":2454,"_links":{"self":[{"href":"https:\/\/www.sudoestehoje.com.br\/novoportal\/wp-json\/wp\/v2\/posts\/71338","targetHints":{"allow":["GET"]}}],"collection":[{"href":"https:\/\/www.sudoestehoje.com.br\/novoportal\/wp-json\/wp\/v2\/posts"}],"about":[{"href":"https:\/\/www.sudoestehoje.com.br\/novoportal\/wp-json\/wp\/v2\/types\/post"}],"author":[{"embeddable":true,"href":"https:\/\/www.sudoestehoje.com.br\/novoportal\/wp-json\/wp\/v2\/users\/2"}],"replies":[{"embeddable":true,"href":"https:\/\/www.sudoestehoje.com.br\/novoportal\/wp-json\/wp\/v2\/comments?post=71338"}],"version-history":[{"count":5,"href":"https:\/\/www.sudoestehoje.com.br\/novoportal\/wp-json\/wp\/v2\/posts\/71338\/revisions"}],"predecessor-version":[{"id":71354,"href":"https:\/\/www.sudoestehoje.com.br\/novoportal\/wp-json\/wp\/v2\/posts\/71338\/revisions\/71354"}],"wp:featuredmedia":[{"embeddable":true,"href":"https:\/\/www.sudoestehoje.com.br\/novoportal\/wp-json\/wp\/v2\/media\/71339"}],"wp:attachment":[{"href":"https:\/\/www.sudoestehoje.com.br\/novoportal\/wp-json\/wp\/v2\/media?parent=71338"}],"wp:term":[{"taxonomy":"category","embeddable":true,"href":"https:\/\/www.sudoestehoje.com.br\/novoportal\/wp-json\/wp\/v2\/categories?post=71338"},{"taxonomy":"post_tag","embeddable":true,"href":"https:\/\/www.sudoestehoje.com.br\/novoportal\/wp-json\/wp\/v2\/tags?post=71338"}],"curies":[{"name":"wp","href":"https:\/\/api.w.org\/{rel}","templated":true}]}}