
{"id":71322,"date":"2018-04-05T20:37:00","date_gmt":"2018-04-05T23:37:00","guid":{"rendered":"http:\/\/www.sudoestehoje.com.br\/novoportal\/?p=71322"},"modified":"2018-04-07T23:17:06","modified_gmt":"2018-04-08T02:17:06","slug":"acm-neto-deixa-prefeitura-de-salvador-para-disputar-governo-da-bahia","status":"publish","type":"post","link":"https:\/\/www.sudoestehoje.com.br\/novoportal\/2018\/04\/05\/acm-neto-deixa-prefeitura-de-salvador-para-disputar-governo-da-bahia\/","title":{"rendered":"ACM NETO PODE DEIXAR PREFEITURA PARA DISPUTAR GOVERNO; GUALBERTO NA VICE"},"content":{"rendered":"<p><a href=\"http:\/\/www.sudoestehoje.com.br\/novoportal\/wp-content\/uploads\/2018\/04\/neto-e-gualberto.jpg\"><img loading=\"lazy\" decoding=\"async\" class=\"aligncenter size-medium wp-image-71330\" src=\"http:\/\/www.sudoestehoje.com.br\/novoportal\/wp-content\/uploads\/2018\/04\/neto-e-gualberto-500x334.jpg\" alt=\"\" width=\"500\" height=\"334\" srcset=\"https:\/\/www.sudoestehoje.com.br\/novoportal\/wp-content\/uploads\/2018\/04\/neto-e-gualberto-500x334.jpg 500w, https:\/\/www.sudoestehoje.com.br\/novoportal\/wp-content\/uploads\/2018\/04\/neto-e-gualberto-768x513.jpg 768w, https:\/\/www.sudoestehoje.com.br\/novoportal\/wp-content\/uploads\/2018\/04\/neto-e-gualberto-700x467.jpg 700w, https:\/\/www.sudoestehoje.com.br\/novoportal\/wp-content\/uploads\/2018\/04\/neto-e-gualberto.jpg 800w\" sizes=\"auto, (max-width: 500px) 100vw, 500px\" \/><\/a><\/p>\n<p>ACM Neto do DEM deve disputar o governo do Estado da Bahia contra o atual governador Rui Costa, do PT. O candidato a vice seria\u00a0<strong>Jo\u00e3o\u00a0Gualberto<\/strong>, que trocar\u00e1 o PSDB pelo PR. Os candidatos ao senado ser\u00e3o <strong>Jutahy Junior<\/strong> (PSDB) e <strong>Jos\u00e9 Ronaldo<\/strong> (DEM).<\/p>\n<p>As mais recentes den\u00fancias contra o cacique petista Jaques Wagner e seu pupilo Rui Costa sobre desvios de recursos na constru\u00e7\u00e3o da Arena Forte Nova e o mais recente relat\u00f3rio do Minist\u00e9rio P\u00fablico apresentando irregularidades na Parceria P\u00fablico Privada entre o governo de JW e a empresa concession\u00e1ria do Estado, foram fatores decisivos para Neto resolver deixar o seu segundo mandato \u00e0 frente da capital baiana e se lan\u00e7ar ao governo do Estado.<\/p>\n<p>Outro fator determinante foi a decis\u00e3o do HC de Lula ontem no STF. Pessoas ligadas ao prefeito disseram que com Lula fora da disputa a situa\u00e7\u00e3o petista na Bahia fica muito mais complicada e portando, fica mais f\u00e1cil enfrenta-los mesmo estando com a m\u00e1quina do governo nas m\u00e3os h\u00e1 mais de 10 anos.<\/p>\n","protected":false},"excerpt":{"rendered":"<p>ACM Neto do DEM deve disputar o governo do Estado da Bahia contra o atual governador Rui Costa, do PT. O candidato a vice seria\u00a0Jo\u00e3o\u00a0Gualberto, que trocar\u00e1 o PSDB pelo PR. Os candidatos ao senado ser\u00e3o Jutahy Junior (PSDB) e Jos\u00e9 Ronaldo (DEM). As mais recentes den\u00fancias contra o cacique petista Jaques Wagner e seu [&hellip;]<\/p>\n","protected":false},"author":2,"featured_media":71326,"comment_status":"open","ping_status":"open","sticky":false,"template":"","format":"standard","meta":{"footnotes":"","_links_to":"","_links_to_target":""},"categories":[1],"tags":[],"class_list":["post-71322","post","type-post","status-publish","format-standard","has-post-thumbnail","hentry","category-geral"],"views":1927,"_links":{"self":[{"href":"https:\/\/www.sudoestehoje.com.br\/novoportal\/wp-json\/wp\/v2\/posts\/71322","targetHints":{"allow":["GET"]}}],"collection":[{"href":"https:\/\/www.sudoestehoje.com.br\/novoportal\/wp-json\/wp\/v2\/posts"}],"about":[{"href":"https:\/\/www.sudoestehoje.com.br\/novoportal\/wp-json\/wp\/v2\/types\/post"}],"author":[{"embeddable":true,"href":"https:\/\/www.sudoestehoje.com.br\/novoportal\/wp-json\/wp\/v2\/users\/2"}],"replies":[{"embeddable":true,"href":"https:\/\/www.sudoestehoje.com.br\/novoportal\/wp-json\/wp\/v2\/comments?post=71322"}],"version-history":[{"count":15,"href":"https:\/\/www.sudoestehoje.com.br\/novoportal\/wp-json\/wp\/v2\/posts\/71322\/revisions"}],"predecessor-version":[{"id":71389,"href":"https:\/\/www.sudoestehoje.com.br\/novoportal\/wp-json\/wp\/v2\/posts\/71322\/revisions\/71389"}],"wp:featuredmedia":[{"embeddable":true,"href":"https:\/\/www.sudoestehoje.com.br\/novoportal\/wp-json\/wp\/v2\/media\/71326"}],"wp:attachment":[{"href":"https:\/\/www.sudoestehoje.com.br\/novoportal\/wp-json\/wp\/v2\/media?parent=71322"}],"wp:term":[{"taxonomy":"category","embeddable":true,"href":"https:\/\/www.sudoestehoje.com.br\/novoportal\/wp-json\/wp\/v2\/categories?post=71322"},{"taxonomy":"post_tag","embeddable":true,"href":"https:\/\/www.sudoestehoje.com.br\/novoportal\/wp-json\/wp\/v2\/tags?post=71322"}],"curies":[{"name":"wp","href":"https:\/\/api.w.org\/{rel}","templated":true}]}}