
{"id":71313,"date":"2018-04-05T19:30:17","date_gmt":"2018-04-05T22:30:17","guid":{"rendered":"http:\/\/www.sudoestehoje.com.br\/novoportal\/?p=71313"},"modified":"2018-04-05T19:30:17","modified_gmt":"2018-04-05T22:30:17","slug":"urgente-moro-decreta-prisao-de-lula","status":"publish","type":"post","link":"https:\/\/www.sudoestehoje.com.br\/novoportal\/2018\/04\/05\/urgente-moro-decreta-prisao-de-lula\/","title":{"rendered":"URGENTE: MORO DECRETA PRIS\u00c3O DE LULA"},"content":{"rendered":"<p><a href=\"http:\/\/www.sudoestehoje.com.br\/novoportal\/wp-content\/uploads\/2018\/04\/lula-moro.jpg\"><img loading=\"lazy\" decoding=\"async\" class=\"aligncenter size-medium wp-image-71314\" src=\"http:\/\/www.sudoestehoje.com.br\/novoportal\/wp-content\/uploads\/2018\/04\/lula-moro-500x333.jpg\" alt=\"\" width=\"500\" height=\"333\" srcset=\"https:\/\/www.sudoestehoje.com.br\/novoportal\/wp-content\/uploads\/2018\/04\/lula-moro-500x333.jpg 500w, https:\/\/www.sudoestehoje.com.br\/novoportal\/wp-content\/uploads\/2018\/04\/lula-moro.jpg 680w\" sizes=\"auto, (max-width: 500px) 100vw, 500px\" \/><\/a><\/p>\n<p>O juiz\u00a0<strong>Sergio Moro<\/strong>\u00a0determinou a\u00a0<strong>pris\u00e3o<\/strong>\u00a0do ex-presidente<strong>\u00a0Lula<\/strong>. A decis\u00e3o aconteceu pouco depois do TRF-4, de Porto Alegre,\u00a0autorizar\u00a0o magistrado a emitir essa ordem.<\/p>\n<p>Na decis\u00e3o, abriu ao petista a \u201coportunidade\u201d de se apresentar voluntariamente \u00e0 Pol\u00edcia Federal de Curitiba at\u00e9 \u00e0s 17h da pr\u00f3xima sexta-feira, dia 6, \u201cem aten\u00e7\u00e3o \u00e0 dignidade [do] cargo que ocupou\u201d.<\/p>\n<p>A utiliza\u00e7\u00e3o de algemas foi vedada \u201cem qualquer hip\u00f3tese\u201d.<\/p>\n<p><strong><span style=\"color: #0000ff;\"><a style=\"color: #0000ff;\" href=\"https:\/\/veja.abril.com.br\/politica\/veja-a-integra-da-decisao-de-moro-que-mandou-lula-a-prisao\/\">LEIA a \u00edntegra da decis\u00e3o de Sergio Moro<\/a><\/span><\/strong><\/p>\n<p>Lula foi condenado a 12 anos e 1 m\u00eas de reclus\u00e3o em regime inicial fechado no caso do tr\u00edplex do Guaruj\u00e1. Na quarta-feira, o Supremo Tribunal Federal havia negado o pedido de habeas corpus para evitar a deten\u00e7\u00e3o do ex-presidente. O\u00a0placar apertado, de 6 a 5, teve como voto decisivo o de Rosa Weber (contra o HC) o \u00fanico considerado imprevis\u00edvel at\u00e9 a sess\u00e3o.<\/p>\n<p>Al\u00e9m de Lula, o despacho abrange as pris\u00f5es de Jos\u00e9 Adelmario Pinheiro Filho (condenado a 3 anos, 6 meses e 20 dias de reclus\u00e3o em regime inicial semiaberto) e Agenor Franklin Magalh\u00e3es Medeiros (1 ano, 10 meses e 7 dias de reclus\u00e3o em regime aberto).<\/p>\n","protected":false},"excerpt":{"rendered":"<p>O juiz\u00a0Sergio Moro\u00a0determinou a\u00a0pris\u00e3o\u00a0do ex-presidente\u00a0Lula. A decis\u00e3o aconteceu pouco depois do TRF-4, de Porto Alegre,\u00a0autorizar\u00a0o magistrado a emitir essa ordem. Na decis\u00e3o, abriu ao petista a \u201coportunidade\u201d de se apresentar voluntariamente \u00e0 Pol\u00edcia Federal de Curitiba at\u00e9 \u00e0s 17h da pr\u00f3xima sexta-feira, dia 6, \u201cem aten\u00e7\u00e3o \u00e0 dignidade [do] cargo que ocupou\u201d. A utiliza\u00e7\u00e3o de [&hellip;]<\/p>\n","protected":false},"author":2,"featured_media":71314,"comment_status":"open","ping_status":"open","sticky":false,"template":"","format":"standard","meta":{"footnotes":"","_links_to":"","_links_to_target":""},"categories":[1],"tags":[],"class_list":["post-71313","post","type-post","status-publish","format-standard","has-post-thumbnail","hentry","category-geral"],"views":1275,"_links":{"self":[{"href":"https:\/\/www.sudoestehoje.com.br\/novoportal\/wp-json\/wp\/v2\/posts\/71313","targetHints":{"allow":["GET"]}}],"collection":[{"href":"https:\/\/www.sudoestehoje.com.br\/novoportal\/wp-json\/wp\/v2\/posts"}],"about":[{"href":"https:\/\/www.sudoestehoje.com.br\/novoportal\/wp-json\/wp\/v2\/types\/post"}],"author":[{"embeddable":true,"href":"https:\/\/www.sudoestehoje.com.br\/novoportal\/wp-json\/wp\/v2\/users\/2"}],"replies":[{"embeddable":true,"href":"https:\/\/www.sudoestehoje.com.br\/novoportal\/wp-json\/wp\/v2\/comments?post=71313"}],"version-history":[{"count":1,"href":"https:\/\/www.sudoestehoje.com.br\/novoportal\/wp-json\/wp\/v2\/posts\/71313\/revisions"}],"predecessor-version":[{"id":71316,"href":"https:\/\/www.sudoestehoje.com.br\/novoportal\/wp-json\/wp\/v2\/posts\/71313\/revisions\/71316"}],"wp:featuredmedia":[{"embeddable":true,"href":"https:\/\/www.sudoestehoje.com.br\/novoportal\/wp-json\/wp\/v2\/media\/71314"}],"wp:attachment":[{"href":"https:\/\/www.sudoestehoje.com.br\/novoportal\/wp-json\/wp\/v2\/media?parent=71313"}],"wp:term":[{"taxonomy":"category","embeddable":true,"href":"https:\/\/www.sudoestehoje.com.br\/novoportal\/wp-json\/wp\/v2\/categories?post=71313"},{"taxonomy":"post_tag","embeddable":true,"href":"https:\/\/www.sudoestehoje.com.br\/novoportal\/wp-json\/wp\/v2\/tags?post=71313"}],"curies":[{"name":"wp","href":"https:\/\/api.w.org\/{rel}","templated":true}]}}