
{"id":71304,"date":"2018-04-05T00:53:18","date_gmt":"2018-04-05T03:53:18","guid":{"rendered":"http:\/\/www.sudoestehoje.com.br\/novoportal\/?p=71304"},"modified":"2018-04-05T09:38:13","modified_gmt":"2018-04-05T12:38:13","slug":"itapetinga-nova-creche-e-inaugurada-pela-prefeitura-no-12-de-dezembro","status":"publish","type":"post","link":"https:\/\/www.sudoestehoje.com.br\/novoportal\/2018\/04\/05\/itapetinga-nova-creche-e-inaugurada-pela-prefeitura-no-12-de-dezembro\/","title":{"rendered":"ITAPETINGA: NOVA CRECHE \u00c9 INAUGURADA PELA PREFEITURA NO 12 DE DEZEMBRO"},"content":{"rendered":"<p><a href=\"http:\/\/www.sudoestehoje.com.br\/novoportal\/wp-content\/uploads\/2018\/04\/creche-4.jpg\"><img loading=\"lazy\" decoding=\"async\" class=\"aligncenter size-medium wp-image-71309\" src=\"http:\/\/www.sudoestehoje.com.br\/novoportal\/wp-content\/uploads\/2018\/04\/creche-4-500x375.jpg\" alt=\"\" width=\"500\" height=\"375\" srcset=\"https:\/\/www.sudoestehoje.com.br\/novoportal\/wp-content\/uploads\/2018\/04\/creche-4-500x375.jpg 500w, https:\/\/www.sudoestehoje.com.br\/novoportal\/wp-content\/uploads\/2018\/04\/creche-4-768x576.jpg 768w, https:\/\/www.sudoestehoje.com.br\/novoportal\/wp-content\/uploads\/2018\/04\/creche-4-700x525.jpg 700w, https:\/\/www.sudoestehoje.com.br\/novoportal\/wp-content\/uploads\/2018\/04\/creche-4.jpg 960w\" sizes=\"auto, (max-width: 500px) 100vw, 500px\" \/><\/a><\/p>\n<p>Na tarde desta quarta-feira (4), o prefeito Rogrigo Hagge entregou aos moradores do 12 de Dezembro, Vila \u00c9rica e Jos\u00e9 Ivo, o Centro de Educa\u00e7\u00e3o Marvione Macedo, uma creche-escola que atender\u00e1 cerca de\u00a0 340 alunos desses bairros.<\/p>\n<p>A nova creche conta com salas equipadas e banheiros adaptados, anfiteatro, p\u00e1tio coberto, \u00e1rea verde, ampla cozinha e tudo mais que \u00e9 necess\u00e1rio para acolher as crian\u00e7as com responsabilidade, preparando-as desde os primeiros dias, para a vida, formando cidad\u00e3os educados e capazes de construir seu pr\u00f3prio futuro.<\/p>\n<p><a href=\"http:\/\/www.sudoestehoje.com.br\/novoportal\/wp-content\/uploads\/2018\/04\/creche-5.jpg\"><img loading=\"lazy\" decoding=\"async\" class=\"aligncenter size-medium wp-image-71310\" src=\"http:\/\/www.sudoestehoje.com.br\/novoportal\/wp-content\/uploads\/2018\/04\/creche-5-500x375.jpg\" alt=\"\" width=\"500\" height=\"375\" srcset=\"https:\/\/www.sudoestehoje.com.br\/novoportal\/wp-content\/uploads\/2018\/04\/creche-5-500x375.jpg 500w, https:\/\/www.sudoestehoje.com.br\/novoportal\/wp-content\/uploads\/2018\/04\/creche-5-768x576.jpg 768w, https:\/\/www.sudoestehoje.com.br\/novoportal\/wp-content\/uploads\/2018\/04\/creche-5-700x525.jpg 700w, https:\/\/www.sudoestehoje.com.br\/novoportal\/wp-content\/uploads\/2018\/04\/creche-5.jpg 960w\" sizes=\"auto, (max-width: 500px) 100vw, 500px\" \/><\/a><\/p>\n<p>A cerim\u00f4nia de entrega da creche-escola contou com a presen\u00e7a do prefeito Rodrigo Hagge, do Secret\u00e1rio de Educa\u00e7\u00e3o e Cultura, Geraldo Trindade, do vice-prefeito Renan Pereira, vereadores, secret\u00e1rios municipais, educadores, alunos e familiares, al\u00e9m de moradores dos tr\u00eas bairros beneficiados, que lotaram as depend\u00eancias do no Centro de Educa\u00e7\u00e3o.<\/p>\n<p>Em seu pronunciamento, o prefeito Rodrigo Hagge surpreendeu a todos, anunciando a constru\u00e7\u00e3o de uma nova escola com 12 salas de aula, no 12 dezembro, e o asfaltamento definitivo do acesso aos tr\u00eas bairros, que ter\u00e1 in\u00edcio nos pr\u00f3ximos dias.<\/p>\n<p><a href=\"http:\/\/www.sudoestehoje.com.br\/novoportal\/wp-content\/uploads\/2018\/04\/creche-6.jpg\"><img loading=\"lazy\" decoding=\"async\" class=\"aligncenter size-medium wp-image-71311\" src=\"http:\/\/www.sudoestehoje.com.br\/novoportal\/wp-content\/uploads\/2018\/04\/creche-6-500x375.jpg\" alt=\"\" width=\"500\" height=\"375\" srcset=\"https:\/\/www.sudoestehoje.com.br\/novoportal\/wp-content\/uploads\/2018\/04\/creche-6-500x375.jpg 500w, https:\/\/www.sudoestehoje.com.br\/novoportal\/wp-content\/uploads\/2018\/04\/creche-6-768x576.jpg 768w, https:\/\/www.sudoestehoje.com.br\/novoportal\/wp-content\/uploads\/2018\/04\/creche-6-700x525.jpg 700w, https:\/\/www.sudoestehoje.com.br\/novoportal\/wp-content\/uploads\/2018\/04\/creche-6.jpg 960w\" sizes=\"auto, (max-width: 500px) 100vw, 500px\" \/><\/a><\/p>\n<p>O Centro de Educa\u00e7\u00e3o Marvione Macedo j\u00e1 efetuou as matr\u00edculas dos alunos e entra em funcionamento a partir desta quinta-feira.<\/p>\n<p><strong>Por Davi Ferraz<\/strong><\/p>\n","protected":false},"excerpt":{"rendered":"<p>Na tarde desta quarta-feira (4), o prefeito Rogrigo Hagge entregou aos moradores do 12 de Dezembro, Vila \u00c9rica e Jos\u00e9 Ivo, o Centro de Educa\u00e7\u00e3o Marvione Macedo, uma creche-escola que atender\u00e1 cerca de\u00a0 340 alunos desses bairros. A nova creche conta com salas equipadas e banheiros adaptados, anfiteatro, p\u00e1tio coberto, \u00e1rea verde, ampla cozinha e [&hellip;]<\/p>\n","protected":false},"author":2,"featured_media":71305,"comment_status":"open","ping_status":"open","sticky":false,"template":"","format":"standard","meta":{"footnotes":"","_links_to":"","_links_to_target":""},"categories":[1],"tags":[],"class_list":["post-71304","post","type-post","status-publish","format-standard","has-post-thumbnail","hentry","category-geral"],"views":2437,"_links":{"self":[{"href":"https:\/\/www.sudoestehoje.com.br\/novoportal\/wp-json\/wp\/v2\/posts\/71304","targetHints":{"allow":["GET"]}}],"collection":[{"href":"https:\/\/www.sudoestehoje.com.br\/novoportal\/wp-json\/wp\/v2\/posts"}],"about":[{"href":"https:\/\/www.sudoestehoje.com.br\/novoportal\/wp-json\/wp\/v2\/types\/post"}],"author":[{"embeddable":true,"href":"https:\/\/www.sudoestehoje.com.br\/novoportal\/wp-json\/wp\/v2\/users\/2"}],"replies":[{"embeddable":true,"href":"https:\/\/www.sudoestehoje.com.br\/novoportal\/wp-json\/wp\/v2\/comments?post=71304"}],"version-history":[{"count":4,"href":"https:\/\/www.sudoestehoje.com.br\/novoportal\/wp-json\/wp\/v2\/posts\/71304\/revisions"}],"predecessor-version":[{"id":71312,"href":"https:\/\/www.sudoestehoje.com.br\/novoportal\/wp-json\/wp\/v2\/posts\/71304\/revisions\/71312"}],"wp:featuredmedia":[{"embeddable":true,"href":"https:\/\/www.sudoestehoje.com.br\/novoportal\/wp-json\/wp\/v2\/media\/71305"}],"wp:attachment":[{"href":"https:\/\/www.sudoestehoje.com.br\/novoportal\/wp-json\/wp\/v2\/media?parent=71304"}],"wp:term":[{"taxonomy":"category","embeddable":true,"href":"https:\/\/www.sudoestehoje.com.br\/novoportal\/wp-json\/wp\/v2\/categories?post=71304"},{"taxonomy":"post_tag","embeddable":true,"href":"https:\/\/www.sudoestehoje.com.br\/novoportal\/wp-json\/wp\/v2\/tags?post=71304"}],"curies":[{"name":"wp","href":"https:\/\/api.w.org\/{rel}","templated":true}]}}