
{"id":71299,"date":"2018-04-05T01:30:00","date_gmt":"2018-04-05T04:30:00","guid":{"rendered":"http:\/\/www.sudoestehoje.com.br\/novoportal\/?p=71299"},"modified":"2018-04-05T01:30:00","modified_gmt":"2018-04-05T04:30:00","slug":"supremo-nega-habeas-corpus-a-lula","status":"publish","type":"post","link":"https:\/\/www.sudoestehoje.com.br\/novoportal\/2018\/04\/05\/supremo-nega-habeas-corpus-a-lula\/","title":{"rendered":"SUPREMO NEGA HABEAS CORPUS A LULA"},"content":{"rendered":"<div><a href=\"http:\/\/www.sudoestehoje.com.br\/novoportal\/wp-content\/uploads\/2018\/04\/lula-20180326-0001.jpg\"><img loading=\"lazy\" decoding=\"async\" class=\"aligncenter size-medium wp-image-71301\" src=\"http:\/\/www.sudoestehoje.com.br\/novoportal\/wp-content\/uploads\/2018\/04\/lula-20180326-0001-500x333.jpg\" alt=\"\" width=\"500\" height=\"333\" srcset=\"https:\/\/www.sudoestehoje.com.br\/novoportal\/wp-content\/uploads\/2018\/04\/lula-20180326-0001-500x333.jpg 500w, https:\/\/www.sudoestehoje.com.br\/novoportal\/wp-content\/uploads\/2018\/04\/lula-20180326-0001.jpg 680w\" sizes=\"auto, (max-width: 500px) 100vw, 500px\" \/><\/a><\/div>\n<div>\n<p>Por 6 votos a 5, o Supremo Tribunal Federal (STF) negou hoje (4) habeas corpus no qual a defesa do ex-presidente Luiz In\u00e1cio Lula da Silva tenta impedir eventual pris\u00e3o ap\u00f3s o fim dos recursos na segunda inst\u00e2ncia da Justi\u00e7a Federal. Os advogados tentavam mudar o entendimento firmado pela Corte em 2016, quando foi autorizada a pris\u00e3o ap\u00f3s o fim dos recursos naquela inst\u00e2ncia. O julgamento durou cerca de nove horas.<\/p>\n<p>Com a decis\u00e3o, Lula perde direito ao salvo-conduto que foi concedido a ele pela Corte no dia 22 de mar\u00e7o e impedia sua eventual pris\u00e3o. Dessa forma, o juiz federal S\u00e9rgio Moro poderia determinar a pris\u00e3o imediata do ex-presidente, no entanto, a medida n\u00e3o \u00e9 autom\u00e1tica, porque ainda est\u00e1 pendente de mais um recurso na segunda inst\u00e2ncia da Justi\u00e7a Federal.<\/p>\n<p>Votaram contra a concess\u00e3o do habeas corpus o relator, Edson Fachin, Alexandre de Moraes, Lu\u00eds Roberto Barroso, Rosa Weber, Luiz Fux e a presidente, C\u00e1rmen L\u00facia. Gilmar Mendes, Dias Toffoli ,Ricardo Lewandowski, Marco Aur\u00e9lio e Celso de Mello se manifestaram contra por entenderem que a pris\u00e3o s\u00f3 pode ocorrer ap\u00f3s o fim de todos os recursos na pr\u00f3pria Corte.<\/p>\n<\/div>\n","protected":false},"excerpt":{"rendered":"<p>Por 6 votos a 5, o Supremo Tribunal Federal (STF) negou hoje (4) habeas corpus no qual a defesa do ex-presidente Luiz In\u00e1cio Lula da Silva tenta impedir eventual pris\u00e3o ap\u00f3s o fim dos recursos na segunda inst\u00e2ncia da Justi\u00e7a Federal. Os advogados tentavam mudar o entendimento firmado pela Corte em 2016, quando foi autorizada [&hellip;]<\/p>\n","protected":false},"author":2,"featured_media":71301,"comment_status":"open","ping_status":"open","sticky":false,"template":"","format":"standard","meta":{"footnotes":"","_links_to":"","_links_to_target":""},"categories":[1],"tags":[],"class_list":["post-71299","post","type-post","status-publish","format-standard","has-post-thumbnail","hentry","category-geral"],"views":159,"_links":{"self":[{"href":"https:\/\/www.sudoestehoje.com.br\/novoportal\/wp-json\/wp\/v2\/posts\/71299","targetHints":{"allow":["GET"]}}],"collection":[{"href":"https:\/\/www.sudoestehoje.com.br\/novoportal\/wp-json\/wp\/v2\/posts"}],"about":[{"href":"https:\/\/www.sudoestehoje.com.br\/novoportal\/wp-json\/wp\/v2\/types\/post"}],"author":[{"embeddable":true,"href":"https:\/\/www.sudoestehoje.com.br\/novoportal\/wp-json\/wp\/v2\/users\/2"}],"replies":[{"embeddable":true,"href":"https:\/\/www.sudoestehoje.com.br\/novoportal\/wp-json\/wp\/v2\/comments?post=71299"}],"version-history":[{"count":2,"href":"https:\/\/www.sudoestehoje.com.br\/novoportal\/wp-json\/wp\/v2\/posts\/71299\/revisions"}],"predecessor-version":[{"id":71303,"href":"https:\/\/www.sudoestehoje.com.br\/novoportal\/wp-json\/wp\/v2\/posts\/71299\/revisions\/71303"}],"wp:featuredmedia":[{"embeddable":true,"href":"https:\/\/www.sudoestehoje.com.br\/novoportal\/wp-json\/wp\/v2\/media\/71301"}],"wp:attachment":[{"href":"https:\/\/www.sudoestehoje.com.br\/novoportal\/wp-json\/wp\/v2\/media?parent=71299"}],"wp:term":[{"taxonomy":"category","embeddable":true,"href":"https:\/\/www.sudoestehoje.com.br\/novoportal\/wp-json\/wp\/v2\/categories?post=71299"},{"taxonomy":"post_tag","embeddable":true,"href":"https:\/\/www.sudoestehoje.com.br\/novoportal\/wp-json\/wp\/v2\/tags?post=71299"}],"curies":[{"name":"wp","href":"https:\/\/api.w.org\/{rel}","templated":true}]}}