
{"id":71273,"date":"2018-04-03T20:30:28","date_gmt":"2018-04-03T23:30:28","guid":{"rendered":"http:\/\/www.sudoestehoje.com.br\/novoportal\/?p=71273"},"modified":"2018-04-03T20:30:28","modified_gmt":"2018-04-03T23:30:28","slug":"prefeitura-inaugura-primeira-escola-com-educacao-em-tempo-integral-de-itapetinga","status":"publish","type":"post","link":"https:\/\/www.sudoestehoje.com.br\/novoportal\/2018\/04\/03\/prefeitura-inaugura-primeira-escola-com-educacao-em-tempo-integral-de-itapetinga\/","title":{"rendered":"PREFEITURA INAUGURA PRIMEIRA ESCOLA COM EDUCA\u00c7\u00c3O EM TEMPO INTEGRAL DE ITAPETINGA"},"content":{"rendered":"<p><a href=\"http:\/\/www.sudoestehoje.com.br\/novoportal\/wp-content\/uploads\/2018\/04\/MN-1.jpg\"><img loading=\"lazy\" decoding=\"async\" class=\"aligncenter size-medium wp-image-71275\" src=\"http:\/\/www.sudoestehoje.com.br\/novoportal\/wp-content\/uploads\/2018\/04\/MN-1-500x331.jpg\" alt=\"\" width=\"500\" height=\"331\" srcset=\"https:\/\/www.sudoestehoje.com.br\/novoportal\/wp-content\/uploads\/2018\/04\/MN-1-500x331.jpg 500w, https:\/\/www.sudoestehoje.com.br\/novoportal\/wp-content\/uploads\/2018\/04\/MN-1-768x508.jpg 768w, https:\/\/www.sudoestehoje.com.br\/novoportal\/wp-content\/uploads\/2018\/04\/MN-1-700x463.jpg 700w, https:\/\/www.sudoestehoje.com.br\/novoportal\/wp-content\/uploads\/2018\/04\/MN-1.jpg 960w\" sizes=\"auto, (max-width: 500px) 100vw, 500px\" \/><\/a><\/p>\n<p>Na tarde desta ter\u00e7a-feira, 03, a Prefeitura de Itapetinga reinaugurou a Escola Municipalizada Manoel Novaes que, desde o ano passado, passa por grande reforma e amplia\u00e7\u00e3o. Al\u00e9m de recupera\u00e7\u00e3o de telhado, reestrutura\u00e7\u00e3o dos banheiros, troca dos pisos nas \u00e1reas externas e pintura, a Manoel Novaes ganhou um refeit\u00f3rio mobiliado, para dar mais conforto aos estudantes e um completo trabalho de jardinagem, que tornou o ambiente mais humanizado e atraente.<\/p>\n<p><a href=\"http:\/\/www.sudoestehoje.com.br\/novoportal\/wp-content\/uploads\/2018\/04\/MN-2.jpg\"><img loading=\"lazy\" decoding=\"async\" class=\"aligncenter size-medium wp-image-71276\" src=\"http:\/\/www.sudoestehoje.com.br\/novoportal\/wp-content\/uploads\/2018\/04\/MN-2-500x331.jpg\" alt=\"\" width=\"500\" height=\"331\" srcset=\"https:\/\/www.sudoestehoje.com.br\/novoportal\/wp-content\/uploads\/2018\/04\/MN-2-500x331.jpg 500w, https:\/\/www.sudoestehoje.com.br\/novoportal\/wp-content\/uploads\/2018\/04\/MN-2-768x508.jpg 768w, https:\/\/www.sudoestehoje.com.br\/novoportal\/wp-content\/uploads\/2018\/04\/MN-2-700x463.jpg 700w, https:\/\/www.sudoestehoje.com.br\/novoportal\/wp-content\/uploads\/2018\/04\/MN-2.jpg 960w\" sizes=\"auto, (max-width: 500px) 100vw, 500px\" \/><\/a><\/p>\n<p>Durante a cerim\u00f4nia de reinaugura\u00e7\u00e3o, o secret\u00e1rio de Educa\u00e7\u00e3o e Cultura, Geraldo Trindade, falou sobre a import\u00e2ncia de uma gest\u00e3o que pensa pol\u00edticas p\u00fablicas com responsabilidade. Segundo ele, o projeto que a antiga administra\u00e7\u00e3o municipal tinha para a quadra do Manoel Novaes, era de destru\u00ed-la para a constru\u00e7\u00e3o de um estacionamento para a Comutran. Hoje, ao entregar uma escola completamente reformada, o secret\u00e1rio se diz honrado. \u201c<em>N\u00e3o \u00e9 um desafio f\u00e1cil fazer educa\u00e7\u00e3o em tempo integral, mas \u00e9 muito gratificante. Mesmo com todos os problemas e com recursos cada vez mais escassos, estamos conseguindo desenvolver um trabalho de qualidade que tem gerado resultados positivos para os itapetinguenses. O caminho ainda \u00e9 longo, mas n\u00f3s n\u00e3o vamos esmorecer, n\u00e3o vamos parar\u201d<\/em>, garantiu, Geraldo.<\/p>\n<p><a href=\"http:\/\/www.sudoestehoje.com.br\/novoportal\/wp-content\/uploads\/2018\/04\/manoel-Novais.jpg\"><img loading=\"lazy\" decoding=\"async\" class=\"aligncenter size-medium wp-image-71277\" src=\"http:\/\/www.sudoestehoje.com.br\/novoportal\/wp-content\/uploads\/2018\/04\/manoel-Novais-500x375.jpg\" alt=\"\" width=\"500\" height=\"375\" srcset=\"https:\/\/www.sudoestehoje.com.br\/novoportal\/wp-content\/uploads\/2018\/04\/manoel-Novais-500x375.jpg 500w, https:\/\/www.sudoestehoje.com.br\/novoportal\/wp-content\/uploads\/2018\/04\/manoel-Novais-768x576.jpg 768w, https:\/\/www.sudoestehoje.com.br\/novoportal\/wp-content\/uploads\/2018\/04\/manoel-Novais-700x525.jpg 700w, https:\/\/www.sudoestehoje.com.br\/novoportal\/wp-content\/uploads\/2018\/04\/manoel-Novais.jpg 960w\" sizes=\"auto, (max-width: 500px) 100vw, 500px\" \/><\/a><\/p>\n<p>Vereadores tamb\u00e9m participaram do evento, aplaudindo a obra e o trabalho para fazer de Itapetinga uma cidade verdadeiramente educadora.<\/p>\n<p>Ao falar sobre sua alegria por mais uma conquista, o prefeito Rodrigo Hagge contou que, ainda durante a campanha, estabeleceu um plano para a instala\u00e7\u00e3o de uma escola piloto com educa\u00e7\u00e3o em tempo integral e, ap\u00f3s a an\u00e1lise de todas, percebeu-se a Manoel Novaes como a mais adequada \u00e0quela experi\u00eancia. Foi preciso adequar a estrutura e preparar equipe para receber bem os alunos que permanecer\u00e3o na escola por oito horas di\u00e1rias.<\/p>\n<p><a href=\"http:\/\/www.sudoestehoje.com.br\/novoportal\/wp-content\/uploads\/2018\/04\/MN-3.jpg\"><img loading=\"lazy\" decoding=\"async\" class=\"aligncenter size-medium wp-image-71278\" src=\"http:\/\/www.sudoestehoje.com.br\/novoportal\/wp-content\/uploads\/2018\/04\/MN-3-500x331.jpg\" alt=\"\" width=\"500\" height=\"331\" srcset=\"https:\/\/www.sudoestehoje.com.br\/novoportal\/wp-content\/uploads\/2018\/04\/MN-3-500x331.jpg 500w, https:\/\/www.sudoestehoje.com.br\/novoportal\/wp-content\/uploads\/2018\/04\/MN-3-768x508.jpg 768w, https:\/\/www.sudoestehoje.com.br\/novoportal\/wp-content\/uploads\/2018\/04\/MN-3-700x463.jpg 700w, https:\/\/www.sudoestehoje.com.br\/novoportal\/wp-content\/uploads\/2018\/04\/MN-3.jpg 960w\" sizes=\"auto, (max-width: 500px) 100vw, 500px\" \/><\/a><\/p>\n<p><em> \u201cAgora, a escola Manoel Novaes se tornou um grande marco na hist\u00f3ria da educa\u00e7\u00e3o municipal. Eu tenho em casa o exemplo do prefeito que mais construiu escolas e que primeiro firmou conv\u00eanio com a Uesb para a gradua\u00e7\u00e3o dos professores da rede. Hoje, inauguro a primeira escola em tempo integral da sede do munic\u00edpio e firmo, junto a universidade, o primeiro conv\u00eanio para o mestrado dos nossos professores. Continuamos trilhando o caminho para fazer uma educa\u00e7\u00e3o de qualidade e os esfor\u00e7os n\u00e3o param. J\u00e1 empenhamos o projeto de uma nova escola com 12 salas para a Vila \u00c9rica; permane\u00e7o, com minhas incans\u00e1veis viagens em busca de uma escola para o Moacir Moura e para as Vilas. Aos poucos, cuidando da sa\u00fade financeira do munic\u00edpio, vamos realizando um trabalho s\u00e9rio, com resultados positivos que o munic\u00edpio tanto precisa\u201d<\/em>, finalizou o prefeito. \/\/<strong><em>Ascom\u00a0<\/em><\/strong><\/p>\n\n\t\t<style type=\"text\/css\">\n\t\t\t#gallery-1 {\n\t\t\t\tmargin: auto;\n\t\t\t}\n\t\t\t#gallery-1 .gallery-item {\n\t\t\t\tfloat: left;\n\t\t\t\tmargin-top: 10px;\n\t\t\t\ttext-align: center;\n\t\t\t\twidth: 33%;\n\t\t\t}\n\t\t\t#gallery-1 img {\n\t\t\t\tborder: 2px solid #cfcfcf;\n\t\t\t}\n\t\t\t#gallery-1 .gallery-caption {\n\t\t\t\tmargin-left: 0;\n\t\t\t}\n\t\t\t\/* see gallery_shortcode() in wp-includes\/media.php *\/\n\t\t<\/style>\n\t\t<div id='gallery-1' class='gallery galleryid-71273 gallery-columns-3 gallery-size-thumbnail'><dl class='gallery-item'>\n\t\t\t<dt class='gallery-icon landscape'>\n\t\t\t\t<a href='https:\/\/www.sudoestehoje.com.br\/novoportal\/2018\/04\/03\/prefeitura-inaugura-primeira-escola-com-educacao-em-tempo-integral-de-itapetinga\/mn-6\/'><img loading=\"lazy\" decoding=\"async\" width=\"150\" height=\"150\" src=\"https:\/\/www.sudoestehoje.com.br\/novoportal\/wp-content\/uploads\/2018\/04\/MN-6-150x150.jpg\" class=\"attachment-thumbnail size-thumbnail\" alt=\"\" \/><\/a>\n\t\t\t<\/dt><\/dl><dl class='gallery-item'>\n\t\t\t<dt class='gallery-icon landscape'>\n\t\t\t\t<a href='https:\/\/www.sudoestehoje.com.br\/novoportal\/2018\/04\/03\/prefeitura-inaugura-primeira-escola-com-educacao-em-tempo-integral-de-itapetinga\/mn-7\/'><img loading=\"lazy\" decoding=\"async\" width=\"150\" height=\"150\" src=\"https:\/\/www.sudoestehoje.com.br\/novoportal\/wp-content\/uploads\/2018\/04\/MN-7-150x150.jpg\" class=\"attachment-thumbnail size-thumbnail\" alt=\"\" \/><\/a>\n\t\t\t<\/dt><\/dl><dl class='gallery-item'>\n\t\t\t<dt class='gallery-icon landscape'>\n\t\t\t\t<a href='https:\/\/www.sudoestehoje.com.br\/novoportal\/2018\/04\/03\/prefeitura-inaugura-primeira-escola-com-educacao-em-tempo-integral-de-itapetinga\/mn-9\/'><img loading=\"lazy\" decoding=\"async\" width=\"150\" height=\"150\" src=\"https:\/\/www.sudoestehoje.com.br\/novoportal\/wp-content\/uploads\/2018\/04\/MN-9-150x150.jpg\" class=\"attachment-thumbnail size-thumbnail\" alt=\"\" \/><\/a>\n\t\t\t<\/dt><\/dl><br style=\"clear: both\" \/><dl class='gallery-item'>\n\t\t\t<dt class='gallery-icon landscape'>\n\t\t\t\t<a href='https:\/\/www.sudoestehoje.com.br\/novoportal\/2018\/04\/03\/prefeitura-inaugura-primeira-escola-com-educacao-em-tempo-integral-de-itapetinga\/mn-8\/'><img loading=\"lazy\" decoding=\"async\" width=\"150\" height=\"150\" src=\"https:\/\/www.sudoestehoje.com.br\/novoportal\/wp-content\/uploads\/2018\/04\/MN-8-150x150.jpg\" class=\"attachment-thumbnail size-thumbnail\" alt=\"\" \/><\/a>\n\t\t\t<\/dt><\/dl><dl class='gallery-item'>\n\t\t\t<dt class='gallery-icon landscape'>\n\t\t\t\t<a href='https:\/\/www.sudoestehoje.com.br\/novoportal\/2018\/04\/03\/prefeitura-inaugura-primeira-escola-com-educacao-em-tempo-integral-de-itapetinga\/mn-4\/'><img loading=\"lazy\" decoding=\"async\" width=\"150\" height=\"150\" src=\"https:\/\/www.sudoestehoje.com.br\/novoportal\/wp-content\/uploads\/2018\/04\/MN-4-150x150.jpg\" class=\"attachment-thumbnail size-thumbnail\" alt=\"\" \/><\/a>\n\t\t\t<\/dt><\/dl><dl class='gallery-item'>\n\t\t\t<dt class='gallery-icon landscape'>\n\t\t\t\t<a href='https:\/\/www.sudoestehoje.com.br\/novoportal\/2018\/04\/03\/prefeitura-inaugura-primeira-escola-com-educacao-em-tempo-integral-de-itapetinga\/mn-5\/'><img loading=\"lazy\" decoding=\"async\" width=\"150\" height=\"150\" src=\"https:\/\/www.sudoestehoje.com.br\/novoportal\/wp-content\/uploads\/2018\/04\/MN-5-150x150.jpg\" class=\"attachment-thumbnail size-thumbnail\" alt=\"\" \/><\/a>\n\t\t\t<\/dt><\/dl><br style=\"clear: both\" \/>\n\t\t<\/div>\n\n","protected":false},"excerpt":{"rendered":"<p>Na tarde desta ter\u00e7a-feira, 03, a Prefeitura de Itapetinga reinaugurou a Escola Municipalizada Manoel Novaes que, desde o ano passado, passa por grande reforma e amplia\u00e7\u00e3o. Al\u00e9m de recupera\u00e7\u00e3o de telhado, reestrutura\u00e7\u00e3o dos banheiros, troca dos pisos nas \u00e1reas externas e pintura, a Manoel Novaes ganhou um refeit\u00f3rio mobiliado, para dar mais conforto aos estudantes [&hellip;]<\/p>\n","protected":false},"author":2,"featured_media":71275,"comment_status":"open","ping_status":"open","sticky":false,"template":"","format":"standard","meta":{"footnotes":"","_links_to":"","_links_to_target":""},"categories":[1],"tags":[],"class_list":["post-71273","post","type-post","status-publish","format-standard","has-post-thumbnail","hentry","category-geral"],"views":2117,"_links":{"self":[{"href":"https:\/\/www.sudoestehoje.com.br\/novoportal\/wp-json\/wp\/v2\/posts\/71273","targetHints":{"allow":["GET"]}}],"collection":[{"href":"https:\/\/www.sudoestehoje.com.br\/novoportal\/wp-json\/wp\/v2\/posts"}],"about":[{"href":"https:\/\/www.sudoestehoje.com.br\/novoportal\/wp-json\/wp\/v2\/types\/post"}],"author":[{"embeddable":true,"href":"https:\/\/www.sudoestehoje.com.br\/novoportal\/wp-json\/wp\/v2\/users\/2"}],"replies":[{"embeddable":true,"href":"https:\/\/www.sudoestehoje.com.br\/novoportal\/wp-json\/wp\/v2\/comments?post=71273"}],"version-history":[{"count":2,"href":"https:\/\/www.sudoestehoje.com.br\/novoportal\/wp-json\/wp\/v2\/posts\/71273\/revisions"}],"predecessor-version":[{"id":71285,"href":"https:\/\/www.sudoestehoje.com.br\/novoportal\/wp-json\/wp\/v2\/posts\/71273\/revisions\/71285"}],"wp:featuredmedia":[{"embeddable":true,"href":"https:\/\/www.sudoestehoje.com.br\/novoportal\/wp-json\/wp\/v2\/media\/71275"}],"wp:attachment":[{"href":"https:\/\/www.sudoestehoje.com.br\/novoportal\/wp-json\/wp\/v2\/media?parent=71273"}],"wp:term":[{"taxonomy":"category","embeddable":true,"href":"https:\/\/www.sudoestehoje.com.br\/novoportal\/wp-json\/wp\/v2\/categories?post=71273"},{"taxonomy":"post_tag","embeddable":true,"href":"https:\/\/www.sudoestehoje.com.br\/novoportal\/wp-json\/wp\/v2\/tags?post=71273"}],"curies":[{"name":"wp","href":"https:\/\/api.w.org\/{rel}","templated":true}]}}