
{"id":71269,"date":"2018-04-03T10:31:59","date_gmt":"2018-04-03T13:31:59","guid":{"rendered":"http:\/\/www.sudoestehoje.com.br\/novoportal\/?p=71269"},"modified":"2018-04-03T10:31:59","modified_gmt":"2018-04-03T13:31:59","slug":"deputado-antonio-brito-se-reune-com-novo-ministro-da-saude-gilberto-occhi","status":"publish","type":"post","link":"https:\/\/www.sudoestehoje.com.br\/novoportal\/2018\/04\/03\/deputado-antonio-brito-se-reune-com-novo-ministro-da-saude-gilberto-occhi\/","title":{"rendered":"DEPUTADO ANT\u00d4NIO BRITO SE RE\u00daNE COM NOVO MINISTRO DA SA\u00daDE, GILBERTO OCCHI"},"content":{"rendered":"<p><a href=\"http:\/\/www.sudoestehoje.com.br\/novoportal\/wp-content\/uploads\/2018\/04\/MINISTRO-SAUDE.jpg\"><img loading=\"lazy\" decoding=\"async\" class=\"aligncenter size-medium wp-image-71270\" src=\"http:\/\/www.sudoestehoje.com.br\/novoportal\/wp-content\/uploads\/2018\/04\/MINISTRO-SAUDE-500x500.jpg\" alt=\"\" width=\"500\" height=\"500\" srcset=\"https:\/\/www.sudoestehoje.com.br\/novoportal\/wp-content\/uploads\/2018\/04\/MINISTRO-SAUDE-500x500.jpg 500w, https:\/\/www.sudoestehoje.com.br\/novoportal\/wp-content\/uploads\/2018\/04\/MINISTRO-SAUDE-150x150.jpg 150w, https:\/\/www.sudoestehoje.com.br\/novoportal\/wp-content\/uploads\/2018\/04\/MINISTRO-SAUDE-768x768.jpg 768w, https:\/\/www.sudoestehoje.com.br\/novoportal\/wp-content\/uploads\/2018\/04\/MINISTRO-SAUDE-700x700.jpg 700w, https:\/\/www.sudoestehoje.com.br\/novoportal\/wp-content\/uploads\/2018\/04\/MINISTRO-SAUDE.jpg 960w\" sizes=\"auto, (max-width: 500px) 100vw, 500px\" \/><\/a><\/p>\n<p>Nesta segunda-feira (2), o deputado federal Ant\u00f4nio Brito esteve em audi\u00eancia com o novo ministro da Sa\u00fade, Gilberto Occhi, quando debateu a pauta da reuni\u00e3o das Santas Casas, Hospitais e Entidades Filantr\u00f3picas, que ocorrer\u00e1 no dia 4 de abril, \u00e0s 17h, no Congresso Nacional.<\/p>\n<p>Tamb\u00e9m estiveram presentes o deputado federal Geraldo Resende, o secret\u00e1rio de Aten\u00e7\u00e3o \u00e0 Sa\u00fade, Francisco de Assis Figueredo, e o chefe de gabinete do Minist\u00e9rio da Sa\u00fade, Paulo Roberto. \/\/<em>Ascom<\/em><\/p>\n","protected":false},"excerpt":{"rendered":"<p>Nesta segunda-feira (2), o deputado federal Ant\u00f4nio Brito esteve em audi\u00eancia com o novo ministro da Sa\u00fade, Gilberto Occhi, quando debateu a pauta da reuni\u00e3o das Santas Casas, Hospitais e Entidades Filantr\u00f3picas, que ocorrer\u00e1 no dia 4 de abril, \u00e0s 17h, no Congresso Nacional. Tamb\u00e9m estiveram presentes o deputado federal Geraldo Resende, o secret\u00e1rio de [&hellip;]<\/p>\n","protected":false},"author":2,"featured_media":71270,"comment_status":"open","ping_status":"open","sticky":false,"template":"","format":"standard","meta":{"footnotes":"","_links_to":"","_links_to_target":""},"categories":[1],"tags":[],"class_list":["post-71269","post","type-post","status-publish","format-standard","has-post-thumbnail","hentry","category-geral"],"views":1172,"_links":{"self":[{"href":"https:\/\/www.sudoestehoje.com.br\/novoportal\/wp-json\/wp\/v2\/posts\/71269","targetHints":{"allow":["GET"]}}],"collection":[{"href":"https:\/\/www.sudoestehoje.com.br\/novoportal\/wp-json\/wp\/v2\/posts"}],"about":[{"href":"https:\/\/www.sudoestehoje.com.br\/novoportal\/wp-json\/wp\/v2\/types\/post"}],"author":[{"embeddable":true,"href":"https:\/\/www.sudoestehoje.com.br\/novoportal\/wp-json\/wp\/v2\/users\/2"}],"replies":[{"embeddable":true,"href":"https:\/\/www.sudoestehoje.com.br\/novoportal\/wp-json\/wp\/v2\/comments?post=71269"}],"version-history":[{"count":1,"href":"https:\/\/www.sudoestehoje.com.br\/novoportal\/wp-json\/wp\/v2\/posts\/71269\/revisions"}],"predecessor-version":[{"id":71271,"href":"https:\/\/www.sudoestehoje.com.br\/novoportal\/wp-json\/wp\/v2\/posts\/71269\/revisions\/71271"}],"wp:featuredmedia":[{"embeddable":true,"href":"https:\/\/www.sudoestehoje.com.br\/novoportal\/wp-json\/wp\/v2\/media\/71270"}],"wp:attachment":[{"href":"https:\/\/www.sudoestehoje.com.br\/novoportal\/wp-json\/wp\/v2\/media?parent=71269"}],"wp:term":[{"taxonomy":"category","embeddable":true,"href":"https:\/\/www.sudoestehoje.com.br\/novoportal\/wp-json\/wp\/v2\/categories?post=71269"},{"taxonomy":"post_tag","embeddable":true,"href":"https:\/\/www.sudoestehoje.com.br\/novoportal\/wp-json\/wp\/v2\/tags?post=71269"}],"curies":[{"name":"wp","href":"https:\/\/api.w.org\/{rel}","templated":true}]}}