
{"id":71266,"date":"2018-04-03T08:39:27","date_gmt":"2018-04-03T11:39:27","guid":{"rendered":"http:\/\/www.sudoestehoje.com.br\/novoportal\/?p=71266"},"modified":"2018-04-03T08:39:27","modified_gmt":"2018-04-03T11:39:27","slug":"policia-federal-cumpre-mandados-de-prisao-e-busca-em-cartorio-de-conquista","status":"publish","type":"post","link":"https:\/\/www.sudoestehoje.com.br\/novoportal\/2018\/04\/03\/policia-federal-cumpre-mandados-de-prisao-e-busca-em-cartorio-de-conquista\/","title":{"rendered":"POL\u00cdCIA FEDERAL CUMPRE MANDADOS DE PRIS\u00c3O E BUSCA EM CART\u00d3RIO DE CONQUISTA"},"content":{"rendered":"<div class=\"mc-column content-text active-extra-styles active-capital-letter\" data-block-type=\"unstyled\" data-block-weight=\"43\" data-block-id=\"1\">\n<p class=\"content-text__container theme-color-primary-first-letter\" data-track-category=\"Link no Texto\" data-track-links=\"\"><a href=\"http:\/\/www.sudoestehoje.com.br\/novoportal\/wp-content\/uploads\/2018\/04\/PF.jpg\"><img loading=\"lazy\" decoding=\"async\" class=\"aligncenter size-medium wp-image-71267\" src=\"http:\/\/www.sudoestehoje.com.br\/novoportal\/wp-content\/uploads\/2018\/04\/PF-500x334.jpg\" alt=\"\" width=\"500\" height=\"334\" srcset=\"https:\/\/www.sudoestehoje.com.br\/novoportal\/wp-content\/uploads\/2018\/04\/PF-500x334.jpg 500w, https:\/\/www.sudoestehoje.com.br\/novoportal\/wp-content\/uploads\/2018\/04\/PF.jpg 600w\" sizes=\"auto, (max-width: 500px) 100vw, 500px\" \/><\/a><\/p>\n<p class=\"content-text__container theme-color-primary-first-letter\" data-track-category=\"Link no Texto\" data-track-links=\"\">A Pol\u00edcia Federal cumpre quatro mandados de pris\u00e3o na manh\u00e3 desta ter\u00e7a-feira (3), na Opera\u00e7\u00e3o Factum, que visa reprimir crimes de corrup\u00e7\u00e3o praticados no Cart\u00f3rio do 1\u00ba Of\u00edcio de Registro de Im\u00f3veis e Hipotecas da cidade de Vit\u00f3ria da Conquista, no sudoeste baiano.<\/p>\n<p>S\u00e3o tr\u00eas mandados de pris\u00e3o tempor\u00e1ria e um de pris\u00e3o preventiva. Tamb\u00e9m s\u00e3o oito mandados de busca e apreens\u00e3o, al\u00e9m de medidas cautelares diversas, nas cidades de Vit\u00f3ria da Conquista e Salvador.<\/p>\n<p>As investiga\u00e7\u00f5es tiveram origem em 2016, quando houve o descumprimento, por parte do Titular do Cart\u00f3rio, de decis\u00f5es oriundas da Justi\u00e7a Federal e da Justi\u00e7a do Trabalho. Caracterizado o preju\u00edzo \u00e0 Uni\u00e3o, em face desses descumprimentos, o Superior Tribunal de Justi\u00e7a \u2013 STJ fixou a compet\u00eancia da Justi\u00e7a Federal para o processamento do inqu\u00e9rito policial e das medidas cautelares correlatas.<\/p>\n<\/div>\n<div data-track-category=\"fim do conteudo\" data-track-action=\"ultimo chunk conteudo\" data-track-noninteraction=\"false\" data-track-scroll=\"entrada completa viewport\">\n<div class=\"mc-column content-text active-extra-styles \" data-block-type=\"unstyled\" data-block-weight=\"8\" data-block-id=\"3\">\n<p class=\"content-text__container \" data-track-category=\"Link no Texto\" data-track-links=\"\">Cinquenta e sete policiais federais participam da opera\u00e7\u00e3o. \/\/G1<\/p>\n<\/div>\n<\/div>\n","protected":false},"excerpt":{"rendered":"<p>A Pol\u00edcia Federal cumpre quatro mandados de pris\u00e3o na manh\u00e3 desta ter\u00e7a-feira (3), na Opera\u00e7\u00e3o Factum, que visa reprimir crimes de corrup\u00e7\u00e3o praticados no Cart\u00f3rio do 1\u00ba Of\u00edcio de Registro de Im\u00f3veis e Hipotecas da cidade de Vit\u00f3ria da Conquista, no sudoeste baiano. S\u00e3o tr\u00eas mandados de pris\u00e3o tempor\u00e1ria e um de pris\u00e3o preventiva. Tamb\u00e9m [&hellip;]<\/p>\n","protected":false},"author":2,"featured_media":71267,"comment_status":"open","ping_status":"open","sticky":false,"template":"","format":"standard","meta":{"footnotes":"","_links_to":"","_links_to_target":""},"categories":[1],"tags":[],"class_list":["post-71266","post","type-post","status-publish","format-standard","has-post-thumbnail","hentry","category-geral"],"views":1124,"_links":{"self":[{"href":"https:\/\/www.sudoestehoje.com.br\/novoportal\/wp-json\/wp\/v2\/posts\/71266","targetHints":{"allow":["GET"]}}],"collection":[{"href":"https:\/\/www.sudoestehoje.com.br\/novoportal\/wp-json\/wp\/v2\/posts"}],"about":[{"href":"https:\/\/www.sudoestehoje.com.br\/novoportal\/wp-json\/wp\/v2\/types\/post"}],"author":[{"embeddable":true,"href":"https:\/\/www.sudoestehoje.com.br\/novoportal\/wp-json\/wp\/v2\/users\/2"}],"replies":[{"embeddable":true,"href":"https:\/\/www.sudoestehoje.com.br\/novoportal\/wp-json\/wp\/v2\/comments?post=71266"}],"version-history":[{"count":1,"href":"https:\/\/www.sudoestehoje.com.br\/novoportal\/wp-json\/wp\/v2\/posts\/71266\/revisions"}],"predecessor-version":[{"id":71268,"href":"https:\/\/www.sudoestehoje.com.br\/novoportal\/wp-json\/wp\/v2\/posts\/71266\/revisions\/71268"}],"wp:featuredmedia":[{"embeddable":true,"href":"https:\/\/www.sudoestehoje.com.br\/novoportal\/wp-json\/wp\/v2\/media\/71267"}],"wp:attachment":[{"href":"https:\/\/www.sudoestehoje.com.br\/novoportal\/wp-json\/wp\/v2\/media?parent=71266"}],"wp:term":[{"taxonomy":"category","embeddable":true,"href":"https:\/\/www.sudoestehoje.com.br\/novoportal\/wp-json\/wp\/v2\/categories?post=71266"},{"taxonomy":"post_tag","embeddable":true,"href":"https:\/\/www.sudoestehoje.com.br\/novoportal\/wp-json\/wp\/v2\/tags?post=71266"}],"curies":[{"name":"wp","href":"https:\/\/api.w.org\/{rel}","templated":true}]}}