
{"id":71254,"date":"2018-04-02T18:54:12","date_gmt":"2018-04-02T21:54:12","guid":{"rendered":"http:\/\/www.sudoestehoje.com.br\/novoportal\/?p=71254"},"modified":"2018-04-02T18:54:12","modified_gmt":"2018-04-02T21:54:12","slug":"itapetinga-grupo-promove-manifestacao-contra-concessao-de-habeas-corpos-a-lula","status":"publish","type":"post","link":"https:\/\/www.sudoestehoje.com.br\/novoportal\/2018\/04\/02\/itapetinga-grupo-promove-manifestacao-contra-concessao-de-habeas-corpos-a-lula\/","title":{"rendered":"ITAPETINGA: GRUPO PROMOVE MANIFESTA\u00c7\u00c3O CONTRA CONCESS\u00c3O DE HABEAS CORPOS A LULA"},"content":{"rendered":"<p><a href=\"http:\/\/www.sudoestehoje.com.br\/novoportal\/wp-content\/uploads\/2018\/04\/grupo.jpg\"><img loading=\"lazy\" decoding=\"async\" class=\"aligncenter size-medium wp-image-71256\" src=\"http:\/\/www.sudoestehoje.com.br\/novoportal\/wp-content\/uploads\/2018\/04\/grupo-500x534.jpg\" alt=\"\" width=\"500\" height=\"534\" srcset=\"https:\/\/www.sudoestehoje.com.br\/novoportal\/wp-content\/uploads\/2018\/04\/grupo-500x534.jpg 500w, https:\/\/www.sudoestehoje.com.br\/novoportal\/wp-content\/uploads\/2018\/04\/grupo.jpg 640w\" sizes=\"auto, (max-width: 500px) 100vw, 500px\" \/><\/a><\/p>\n<p>Um grupo de cidad\u00e3os de Itapetinga, contr\u00e1rios a concess\u00e3o de Habeas Corpos ao ex-presidente Lula, pelo STF, vem crescendo no Whatsapp e promete ir \u00e0s ruas nesta ter\u00e7a-feira (3), para pedir a rejei\u00e7\u00e3o da medida que pode ser tomada pelo Supremo, na pr\u00f3xima quarta.<\/p>\n<p>Al\u00e9m da convoca\u00e7\u00e3o pelas redes sociais, o grupo &#8216;OU VC VAI, OU ELE FICA&#8217; foi \u00e0s ruas no \u00faltimo domingo, para fazer picha\u00e7\u00f5es em autom\u00f3veis, convidando para o protesto que ser\u00e1 realizado amanh\u00e3, a partir das 17h, na Pra\u00e7a Augusto de Carvalho.<\/p>\n<p>Ou voc\u00ea vai, ou ele volta&#8230;<\/p>\n<p><strong><em>Por Davi Ferraz\u00a0<\/em><\/strong><\/p>\n","protected":false},"excerpt":{"rendered":"<p>Um grupo de cidad\u00e3os de Itapetinga, contr\u00e1rios a concess\u00e3o de Habeas Corpos ao ex-presidente Lula, pelo STF, vem crescendo no Whatsapp e promete ir \u00e0s ruas nesta ter\u00e7a-feira (3), para pedir a rejei\u00e7\u00e3o da medida que pode ser tomada pelo Supremo, na pr\u00f3xima quarta. Al\u00e9m da convoca\u00e7\u00e3o pelas redes sociais, o grupo &#8216;OU VC VAI, [&hellip;]<\/p>\n","protected":false},"author":2,"featured_media":71256,"comment_status":"open","ping_status":"open","sticky":false,"template":"","format":"standard","meta":{"footnotes":"","_links_to":"","_links_to_target":""},"categories":[1],"tags":[],"class_list":["post-71254","post","type-post","status-publish","format-standard","has-post-thumbnail","hentry","category-geral"],"views":1511,"_links":{"self":[{"href":"https:\/\/www.sudoestehoje.com.br\/novoportal\/wp-json\/wp\/v2\/posts\/71254","targetHints":{"allow":["GET"]}}],"collection":[{"href":"https:\/\/www.sudoestehoje.com.br\/novoportal\/wp-json\/wp\/v2\/posts"}],"about":[{"href":"https:\/\/www.sudoestehoje.com.br\/novoportal\/wp-json\/wp\/v2\/types\/post"}],"author":[{"embeddable":true,"href":"https:\/\/www.sudoestehoje.com.br\/novoportal\/wp-json\/wp\/v2\/users\/2"}],"replies":[{"embeddable":true,"href":"https:\/\/www.sudoestehoje.com.br\/novoportal\/wp-json\/wp\/v2\/comments?post=71254"}],"version-history":[{"count":2,"href":"https:\/\/www.sudoestehoje.com.br\/novoportal\/wp-json\/wp\/v2\/posts\/71254\/revisions"}],"predecessor-version":[{"id":71257,"href":"https:\/\/www.sudoestehoje.com.br\/novoportal\/wp-json\/wp\/v2\/posts\/71254\/revisions\/71257"}],"wp:featuredmedia":[{"embeddable":true,"href":"https:\/\/www.sudoestehoje.com.br\/novoportal\/wp-json\/wp\/v2\/media\/71256"}],"wp:attachment":[{"href":"https:\/\/www.sudoestehoje.com.br\/novoportal\/wp-json\/wp\/v2\/media?parent=71254"}],"wp:term":[{"taxonomy":"category","embeddable":true,"href":"https:\/\/www.sudoestehoje.com.br\/novoportal\/wp-json\/wp\/v2\/categories?post=71254"},{"taxonomy":"post_tag","embeddable":true,"href":"https:\/\/www.sudoestehoje.com.br\/novoportal\/wp-json\/wp\/v2\/tags?post=71254"}],"curies":[{"name":"wp","href":"https:\/\/api.w.org\/{rel}","templated":true}]}}