
{"id":71238,"date":"2018-04-02T09:55:55","date_gmt":"2018-04-02T12:55:55","guid":{"rendered":"http:\/\/www.sudoestehoje.com.br\/novoportal\/?p=71238"},"modified":"2018-04-02T16:20:55","modified_gmt":"2018-04-02T19:20:55","slug":"rodrigo-conclui-e-inaugura-nesta-quarta-obras-abandonadas-por-ze-carlos","status":"publish","type":"post","link":"https:\/\/www.sudoestehoje.com.br\/novoportal\/2018\/04\/02\/rodrigo-conclui-e-inaugura-nesta-quarta-obras-abandonadas-por-ze-carlos\/","title":{"rendered":"RODRIGO CONCLUI E INAUGURA NESTA QUARTA OBRAS ABANDONADAS POR Z\u00c9 CARLOS"},"content":{"rendered":"<p><a href=\"http:\/\/www.sudoestehoje.com.br\/novoportal\/wp-content\/uploads\/2018\/04\/creche-1.jpg\"><img loading=\"lazy\" decoding=\"async\" class=\"aligncenter size-medium wp-image-71242\" src=\"http:\/\/www.sudoestehoje.com.br\/novoportal\/wp-content\/uploads\/2018\/04\/creche-1-500x375.jpg\" alt=\"\" width=\"500\" height=\"375\" srcset=\"https:\/\/www.sudoestehoje.com.br\/novoportal\/wp-content\/uploads\/2018\/04\/creche-1-500x375.jpg 500w, https:\/\/www.sudoestehoje.com.br\/novoportal\/wp-content\/uploads\/2018\/04\/creche-1-768x576.jpg 768w, https:\/\/www.sudoestehoje.com.br\/novoportal\/wp-content\/uploads\/2018\/04\/creche-1-700x525.jpg 700w, https:\/\/www.sudoestehoje.com.br\/novoportal\/wp-content\/uploads\/2018\/04\/creche-1.jpg 960w\" sizes=\"auto, (max-width: 500px) 100vw, 500px\" \/><\/a><\/p>\n<p>Durante o primeiro mandato do ex-prefeito Z\u00e9 Carlos, ainda em 2012, o munic\u00edpio de Itapetinga foi agraciado com duas creches de porte m\u00e9dio, atrav\u00e9s do programa federal PAC II, com prazo estabelecido de 2 anos (2014), para a sua conclus\u00e3o.<\/p>\n<p>Com a libera\u00e7\u00e3o das primeiras parcelas pelo governo federal, as obras de constru\u00e7\u00e3o das creches no 12 de Dezembro e na Vilas Riach\u00e3o foram iniciadas, embora com atraso, mas logo foram interrompidas por absoluto descaso do ent\u00e3o prefeito, que n\u00e3o honrou com a contrapartida do munic\u00edpio, no valor de R$ 550 mil reais, liberando apenas R$ 11 mil reais em um per\u00edodo de 4 anos, valor irris\u00f3rio que comprometeu a continuidade das obras.<\/p>\n<p><a href=\"http:\/\/www.sudoestehoje.com.br\/novoportal\/wp-content\/uploads\/2018\/04\/creche-itapetinga-500x375.jpg\"><img loading=\"lazy\" decoding=\"async\" class=\"aligncenter size-medium wp-image-71247\" src=\"http:\/\/www.sudoestehoje.com.br\/novoportal\/wp-content\/uploads\/2018\/04\/creche-itapetinga-500x375-500x375.jpg\" alt=\"\" width=\"500\" height=\"375\" \/><\/a><\/p>\n<p>Quando assumiu o seu governo, no in\u00edcio de 2017, Rodrigo Hagge encontrou dois esqueletos em estado de ru\u00ednas, invadidos pelo mato, animais e usu\u00e1rios de drogas, e foi necess\u00e1rio demolir grande parte das antigas constru\u00e7\u00f5es, liberar a contrapartida do munic\u00edpio e correr atr\u00e1s dos \u00f3rg\u00e3os governamentais, para recuperar as verbas federais, que j\u00e1 estavam suspensos pelo Minist\u00e9rio da Educa\u00e7\u00e3o.<\/p>\n<p>Ap\u00f3s 1 ano e tr\u00eas meses de mandato, Rodrigo vai entregar as duas creches \u00e0 popula\u00e7\u00e3o de Itapetinga, a primeira delas na pr\u00f3xima quarta-feira, aos moradores do 12 de Dezembro, com capacidade para atender cerca de 340 crian\u00e7as, de 2 a 6 anos de idade.<\/p>\n<p>A inaugura\u00e7\u00e3o da nova creche e da Escola Municipalizada Manoel Novais, s\u00e3o passos importantes para a nova administra\u00e7\u00e3o, que vem demonstrando responsabilidade e dinamismo na gest\u00e3o da coisa p\u00fablica no munic\u00edpio.<\/p>\n<p><strong><em>Por Davi Ferraz\u00a0<\/em><\/strong><\/p>\n","protected":false},"excerpt":{"rendered":"<p>Durante o primeiro mandato do ex-prefeito Z\u00e9 Carlos, ainda em 2012, o munic\u00edpio de Itapetinga foi agraciado com duas creches de porte m\u00e9dio, atrav\u00e9s do programa federal PAC II, com prazo estabelecido de 2 anos (2014), para a sua conclus\u00e3o. Com a libera\u00e7\u00e3o das primeiras parcelas pelo governo federal, as obras de constru\u00e7\u00e3o das creches [&hellip;]<\/p>\n","protected":false},"author":2,"featured_media":71247,"comment_status":"open","ping_status":"open","sticky":false,"template":"","format":"standard","meta":{"footnotes":"","_links_to":"","_links_to_target":""},"categories":[1],"tags":[],"class_list":["post-71238","post","type-post","status-publish","format-standard","has-post-thumbnail","hentry","category-geral"],"views":1226,"_links":{"self":[{"href":"https:\/\/www.sudoestehoje.com.br\/novoportal\/wp-json\/wp\/v2\/posts\/71238","targetHints":{"allow":["GET"]}}],"collection":[{"href":"https:\/\/www.sudoestehoje.com.br\/novoportal\/wp-json\/wp\/v2\/posts"}],"about":[{"href":"https:\/\/www.sudoestehoje.com.br\/novoportal\/wp-json\/wp\/v2\/types\/post"}],"author":[{"embeddable":true,"href":"https:\/\/www.sudoestehoje.com.br\/novoportal\/wp-json\/wp\/v2\/users\/2"}],"replies":[{"embeddable":true,"href":"https:\/\/www.sudoestehoje.com.br\/novoportal\/wp-json\/wp\/v2\/comments?post=71238"}],"version-history":[{"count":6,"href":"https:\/\/www.sudoestehoje.com.br\/novoportal\/wp-json\/wp\/v2\/posts\/71238\/revisions"}],"predecessor-version":[{"id":71248,"href":"https:\/\/www.sudoestehoje.com.br\/novoportal\/wp-json\/wp\/v2\/posts\/71238\/revisions\/71248"}],"wp:featuredmedia":[{"embeddable":true,"href":"https:\/\/www.sudoestehoje.com.br\/novoportal\/wp-json\/wp\/v2\/media\/71247"}],"wp:attachment":[{"href":"https:\/\/www.sudoestehoje.com.br\/novoportal\/wp-json\/wp\/v2\/media?parent=71238"}],"wp:term":[{"taxonomy":"category","embeddable":true,"href":"https:\/\/www.sudoestehoje.com.br\/novoportal\/wp-json\/wp\/v2\/categories?post=71238"},{"taxonomy":"post_tag","embeddable":true,"href":"https:\/\/www.sudoestehoje.com.br\/novoportal\/wp-json\/wp\/v2\/tags?post=71238"}],"curies":[{"name":"wp","href":"https:\/\/api.w.org\/{rel}","templated":true}]}}