
{"id":71231,"date":"2018-04-01T21:16:01","date_gmt":"2018-04-02T00:16:01","guid":{"rendered":"http:\/\/www.sudoestehoje.com.br\/novoportal\/?p=71231"},"modified":"2018-04-01T21:16:26","modified_gmt":"2018-04-02T00:16:26","slug":"globo-admite-erro-e-reclassifica-garota-eliminada-para-final-do-the-voice-kids","status":"publish","type":"post","link":"https:\/\/www.sudoestehoje.com.br\/novoportal\/2018\/04\/01\/globo-admite-erro-e-reclassifica-garota-eliminada-para-final-do-the-voice-kids\/","title":{"rendered":"GLOBO ADMITE ERRO E RECLASSIFICA GAROTA ELIMINADA PARA FINAL DO &#8216;THE VOICE KIDS&#8217;"},"content":{"rendered":"<p><a href=\"http:\/\/www.sudoestehoje.com.br\/novoportal\/wp-content\/uploads\/2018\/04\/VOICE.jpg\"><img loading=\"lazy\" decoding=\"async\" class=\"aligncenter size-medium wp-image-71235\" src=\"http:\/\/www.sudoestehoje.com.br\/novoportal\/wp-content\/uploads\/2018\/04\/VOICE-500x333.jpg\" alt=\"\" width=\"500\" height=\"333\" srcset=\"https:\/\/www.sudoestehoje.com.br\/novoportal\/wp-content\/uploads\/2018\/04\/VOICE-500x333.jpg 500w, https:\/\/www.sudoestehoje.com.br\/novoportal\/wp-content\/uploads\/2018\/04\/VOICE.jpg 680w\" sizes=\"auto, (max-width: 500px) 100vw, 500px\" \/><\/a><\/p>\n<p>Depois de internautas\u00a0criticarem o m\u00fasico Carlinhos Brown\u00a0por n\u00e3o escolher uma das queridinhas do p\u00fablico para a final do\u00a0<em>The Voice Kids<\/em>, a Rede Globo reconheceu um erro na contabilidade dos votos das competidoras e colocou Mariah Yohana, de 9 anos, entre os finalistas do show de calouros infantil pelo time de Brown.<\/p>\n<p>O programa veiculado ao vivo neste domingo mostrou que Mariah e Talita Cipriano chegaram ambas a 45% dos votos depois de Carlinhos Brown escolher Talita como a melhor apresenta\u00e7\u00e3o do time na tarde e conceder a ela 20 pontos extras. Com o empate, coube ao cantor e compositor escolher quem avan\u00e7aria \u00e0 final do\u00a0<em>The Voice Kids<\/em>\u00a0e ele, mais uma vez, escolheu a jovem de 14 anos.<\/p>\n<p>Segundo a Globo, no entanto, n\u00e3o teria havido empate se a contagem dos votos n\u00e3o tivesse sido arredondada. \u201cNuma an\u00e1lise mais detalhada sobre as casas decimais da apura\u00e7\u00e3o dos votos, notou-se que, sem o arredondamento, Mariah Yohana teria permanecido na competi\u00e7\u00e3o, com uma pequena vantagem de 45,05% dos votos, contra 44,82% de Talita Cipriano\u201d, publicou a emissora.<\/p>\n<p>Com o reconhecimento do equ\u00edvoco, a produ\u00e7\u00e3o do\u00a0<em>The Voice Kids<\/em>\u00a0decidiu que tanto Mariah Yohana quanto Talita Cipriano estar\u00e3o entre os finalistas da atra\u00e7\u00e3o, no programa que vai ao ar no pr\u00f3ximo domingo. Tamb\u00e9m est\u00e3o no p\u00e1reo Eduarda Brasil, de 15 anos, pelo time Simone e Simaria, e Neto Junqueira, de 14 anos, pelo time Claudia Leitte.<\/p>\n","protected":false},"excerpt":{"rendered":"<p>Depois de internautas\u00a0criticarem o m\u00fasico Carlinhos Brown\u00a0por n\u00e3o escolher uma das queridinhas do p\u00fablico para a final do\u00a0The Voice Kids, a Rede Globo reconheceu um erro na contabilidade dos votos das competidoras e colocou Mariah Yohana, de 9 anos, entre os finalistas do show de calouros infantil pelo time de Brown. O programa veiculado ao [&hellip;]<\/p>\n","protected":false},"author":2,"featured_media":71235,"comment_status":"open","ping_status":"open","sticky":false,"template":"","format":"standard","meta":{"footnotes":"","_links_to":"","_links_to_target":""},"categories":[1],"tags":[],"class_list":["post-71231","post","type-post","status-publish","format-standard","has-post-thumbnail","hentry","category-geral"],"views":6708,"_links":{"self":[{"href":"https:\/\/www.sudoestehoje.com.br\/novoportal\/wp-json\/wp\/v2\/posts\/71231","targetHints":{"allow":["GET"]}}],"collection":[{"href":"https:\/\/www.sudoestehoje.com.br\/novoportal\/wp-json\/wp\/v2\/posts"}],"about":[{"href":"https:\/\/www.sudoestehoje.com.br\/novoportal\/wp-json\/wp\/v2\/types\/post"}],"author":[{"embeddable":true,"href":"https:\/\/www.sudoestehoje.com.br\/novoportal\/wp-json\/wp\/v2\/users\/2"}],"replies":[{"embeddable":true,"href":"https:\/\/www.sudoestehoje.com.br\/novoportal\/wp-json\/wp\/v2\/comments?post=71231"}],"version-history":[{"count":5,"href":"https:\/\/www.sudoestehoje.com.br\/novoportal\/wp-json\/wp\/v2\/posts\/71231\/revisions"}],"predecessor-version":[{"id":71237,"href":"https:\/\/www.sudoestehoje.com.br\/novoportal\/wp-json\/wp\/v2\/posts\/71231\/revisions\/71237"}],"wp:featuredmedia":[{"embeddable":true,"href":"https:\/\/www.sudoestehoje.com.br\/novoportal\/wp-json\/wp\/v2\/media\/71235"}],"wp:attachment":[{"href":"https:\/\/www.sudoestehoje.com.br\/novoportal\/wp-json\/wp\/v2\/media?parent=71231"}],"wp:term":[{"taxonomy":"category","embeddable":true,"href":"https:\/\/www.sudoestehoje.com.br\/novoportal\/wp-json\/wp\/v2\/categories?post=71231"},{"taxonomy":"post_tag","embeddable":true,"href":"https:\/\/www.sudoestehoje.com.br\/novoportal\/wp-json\/wp\/v2\/tags?post=71231"}],"curies":[{"name":"wp","href":"https:\/\/api.w.org\/{rel}","templated":true}]}}