
{"id":71209,"date":"2018-03-30T14:19:15","date_gmt":"2018-03-30T17:19:15","guid":{"rendered":"http:\/\/www.sudoestehoje.com.br\/novoportal\/?p=71209"},"modified":"2018-03-30T14:19:15","modified_gmt":"2018-03-30T17:19:15","slug":"acidente-entre-carro-e-caminhao-mata-crianca-e-avo-na-regiao-de-feira","status":"publish","type":"post","link":"https:\/\/www.sudoestehoje.com.br\/novoportal\/2018\/03\/30\/acidente-entre-carro-e-caminhao-mata-crianca-e-avo-na-regiao-de-feira\/","title":{"rendered":"ACIDENTE ENTRE CARRO E CAMINH\u00c3O MATA CRIAN\u00c7A E AV\u00d3 NA REGI\u00c3O DE FEIRA"},"content":{"rendered":"<p><a href=\"http:\/\/www.sudoestehoje.com.br\/novoportal\/wp-content\/uploads\/2018\/03\/acidente-br101-01.jpg\"><img loading=\"lazy\" decoding=\"async\" class=\"aligncenter size-medium wp-image-71210\" src=\"http:\/\/www.sudoestehoje.com.br\/novoportal\/wp-content\/uploads\/2018\/03\/acidente-br101-01-500x313.jpg\" alt=\"\" width=\"500\" height=\"313\" srcset=\"https:\/\/www.sudoestehoje.com.br\/novoportal\/wp-content\/uploads\/2018\/03\/acidente-br101-01-500x313.jpg 500w, https:\/\/www.sudoestehoje.com.br\/novoportal\/wp-content\/uploads\/2018\/03\/acidente-br101-01.jpg 640w\" sizes=\"auto, (max-width: 500px) 100vw, 500px\" \/><\/a><\/p>\n<p>Duas pessoas morreram, entre elas uma crian\u00e7a, ap\u00f3s o carro em que estavam bater em um caminh\u00e3o na BR-101, trecho de Concei\u00e7\u00e3o do Jacu\u00edpe, regi\u00e3o de Feira de Santana, na Bahia, por volta das 5h desta sexta-feira (30). Ap\u00f3s o acidente, o motorista do caminh\u00e3o fugiu.<\/p>\n<div class=\"mc-column content-text active-extra-styles \" data-block-type=\"unstyled\" data-block-weight=\"49\" data-block-id=\"3\">\n<p class=\"content-text__container \" data-track-category=\"Link no Texto\" data-track-links=\"\">De acordo com a Pol\u00edcia Rodovi\u00e1ria Federal (PRF), o condutor do ve\u00edculo de passeio, e pai da crian\u00e7a, contou \u00e0 pol\u00edcia que perdeu o controle da dire\u00e7\u00e3o e bateu na lateral do caminh\u00e3o que vinha no sentido contr\u00e1rio. A mulher dele, a sogra e a filha estavam no carro.<\/p>\n<\/div>\n<div class=\"mc-column content-text active-extra-styles \" data-block-type=\"unstyled\" data-block-weight=\"64\" data-block-id=\"4\">\n<p class=\"content-text__container \" data-track-category=\"Link no Texto\" data-track-links=\"\">Ainda segundo a PRF, a crian\u00e7a, que tinha cerca de 5 anos, e a av\u00f3, de 50, foram arremessadas do ve\u00edculo e morreram. A pol\u00edcia suspeita que as v\u00edtimas n\u00e3o usavam cinto de seguran\u00e7a, pois o corpo da crian\u00e7a foi encontrado a 500 metros do acidente. A PRF acredita que o corpo pode ter ficado preso no caminh\u00e3o e se soltado mais a frente.<\/p>\n<\/div>\n<div class=\"mc-column content-text active-extra-styles \" data-block-type=\"unstyled\" data-block-weight=\"48\" data-block-id=\"5\">\n<p class=\"content-text__container \" data-track-category=\"Link no Texto\" data-track-links=\"\">A esposa do condutor, que \u00e9 m\u00e3e da crian\u00e7a e filha da mulher que tamb\u00e9m morreu no acidente, ficou ferida e foi levada para o Hospital Cl\u00e9riston Andrade, em Feira de Santana. N\u00e3o h\u00e1 informa\u00e7\u00f5es sobre o estado de sa\u00fade dela. O motorista do carro n\u00e3o ficou ferido.\u00a0<span style=\"color: #0000ff;\"><a style=\"color: #0000ff;\" href=\"http:\/\/ACIDENTE 101\">VEJA MAT\u00c9RIA COMPLETA NO G1<\/a><\/span><\/p>\n<\/div>\n","protected":false},"excerpt":{"rendered":"<p>Duas pessoas morreram, entre elas uma crian\u00e7a, ap\u00f3s o carro em que estavam bater em um caminh\u00e3o na BR-101, trecho de Concei\u00e7\u00e3o do Jacu\u00edpe, regi\u00e3o de Feira de Santana, na Bahia, por volta das 5h desta sexta-feira (30). Ap\u00f3s o acidente, o motorista do caminh\u00e3o fugiu. De acordo com a Pol\u00edcia Rodovi\u00e1ria Federal (PRF), o [&hellip;]<\/p>\n","protected":false},"author":2,"featured_media":71210,"comment_status":"open","ping_status":"open","sticky":false,"template":"","format":"standard","meta":{"footnotes":"","_links_to":"","_links_to_target":""},"categories":[1],"tags":[],"class_list":["post-71209","post","type-post","status-publish","format-standard","has-post-thumbnail","hentry","category-geral"],"views":9051,"_links":{"self":[{"href":"https:\/\/www.sudoestehoje.com.br\/novoportal\/wp-json\/wp\/v2\/posts\/71209","targetHints":{"allow":["GET"]}}],"collection":[{"href":"https:\/\/www.sudoestehoje.com.br\/novoportal\/wp-json\/wp\/v2\/posts"}],"about":[{"href":"https:\/\/www.sudoestehoje.com.br\/novoportal\/wp-json\/wp\/v2\/types\/post"}],"author":[{"embeddable":true,"href":"https:\/\/www.sudoestehoje.com.br\/novoportal\/wp-json\/wp\/v2\/users\/2"}],"replies":[{"embeddable":true,"href":"https:\/\/www.sudoestehoje.com.br\/novoportal\/wp-json\/wp\/v2\/comments?post=71209"}],"version-history":[{"count":2,"href":"https:\/\/www.sudoestehoje.com.br\/novoportal\/wp-json\/wp\/v2\/posts\/71209\/revisions"}],"predecessor-version":[{"id":71212,"href":"https:\/\/www.sudoestehoje.com.br\/novoportal\/wp-json\/wp\/v2\/posts\/71209\/revisions\/71212"}],"wp:featuredmedia":[{"embeddable":true,"href":"https:\/\/www.sudoestehoje.com.br\/novoportal\/wp-json\/wp\/v2\/media\/71210"}],"wp:attachment":[{"href":"https:\/\/www.sudoestehoje.com.br\/novoportal\/wp-json\/wp\/v2\/media?parent=71209"}],"wp:term":[{"taxonomy":"category","embeddable":true,"href":"https:\/\/www.sudoestehoje.com.br\/novoportal\/wp-json\/wp\/v2\/categories?post=71209"},{"taxonomy":"post_tag","embeddable":true,"href":"https:\/\/www.sudoestehoje.com.br\/novoportal\/wp-json\/wp\/v2\/tags?post=71209"}],"curies":[{"name":"wp","href":"https:\/\/api.w.org\/{rel}","templated":true}]}}