
{"id":71187,"date":"2018-03-29T22:56:29","date_gmt":"2018-03-30T01:56:29","guid":{"rendered":"http:\/\/www.sudoestehoje.com.br\/novoportal\/?p=71187"},"modified":"2018-03-30T00:45:18","modified_gmt":"2018-03-30T03:45:18","slug":"dentista-de-conquista-morre-em-grave-acidente-entre-ibicarai-e-itabuna","status":"publish","type":"post","link":"https:\/\/www.sudoestehoje.com.br\/novoportal\/2018\/03\/29\/dentista-de-conquista-morre-em-grave-acidente-entre-ibicarai-e-itabuna\/","title":{"rendered":"DENTISTA DE SALVADOR MORRE EM GRAVE ACIDENTE ENTRE ITAP\u00c9 E ITABUNA, NA BR-415"},"content":{"rendered":"<div><a href=\"http:\/\/www.sudoestehoje.com.br\/novoportal\/wp-content\/uploads\/2018\/03\/bmw-768x432.jpg\"><img loading=\"lazy\" decoding=\"async\" class=\"aligncenter size-medium wp-image-71188\" src=\"http:\/\/www.sudoestehoje.com.br\/novoportal\/wp-content\/uploads\/2018\/03\/bmw-768x432-500x281.jpg\" alt=\"\" width=\"500\" height=\"281\" srcset=\"https:\/\/www.sudoestehoje.com.br\/novoportal\/wp-content\/uploads\/2018\/03\/bmw-768x432-500x281.jpg 500w, https:\/\/www.sudoestehoje.com.br\/novoportal\/wp-content\/uploads\/2018\/03\/bmw-768x432.jpg 640w\" sizes=\"auto, (max-width: 500px) 100vw, 500px\" \/><\/a><\/div>\n<div>\n<p>O dentista S\u00e9rgio Castro, de Salvador, morreu no Hospital Calixto Midlej na noite desta quinta-feira (29). Ele conduzia o ve\u00edculo BMW que colidiu com um Dobl\u00f4 na BR 415 na tarde de hoje.<\/p>\n<p>O acidente ocorreu no trecho que liga Itabuna a Itap\u00e9 e um passageiro da Dobl\u00f4 morreu no local.<\/p>\n<p>S\u00e9rgio havia passado por cirurgia durante \u00e0 tarde e chegou a ser divulgado que ele precisava de doa\u00e7\u00e3o de sangue.\u00a0Ainda n\u00e3o h\u00e1 informa\u00e7\u00f5es sobre o vel\u00f3rio. <em>Confira v\u00eddeo:<\/em><\/p>\n<p>https:\/\/www.youtube.com\/watch?time_continue=2&#038;v=GyxjRFvhQQE<\/p>\n<\/div>\n","protected":false},"excerpt":{"rendered":"<p>O dentista S\u00e9rgio Castro, de Salvador, morreu no Hospital Calixto Midlej na noite desta quinta-feira (29). Ele conduzia o ve\u00edculo BMW que colidiu com um Dobl\u00f4 na BR 415 na tarde de hoje. O acidente ocorreu no trecho que liga Itabuna a Itap\u00e9 e um passageiro da Dobl\u00f4 morreu no local. S\u00e9rgio havia passado por [&hellip;]<\/p>\n","protected":false},"author":2,"featured_media":71188,"comment_status":"open","ping_status":"open","sticky":false,"template":"","format":"standard","meta":{"footnotes":"","_links_to":"","_links_to_target":""},"categories":[1],"tags":[],"class_list":["post-71187","post","type-post","status-publish","format-standard","has-post-thumbnail","hentry","category-geral"],"views":9576,"_links":{"self":[{"href":"https:\/\/www.sudoestehoje.com.br\/novoportal\/wp-json\/wp\/v2\/posts\/71187","targetHints":{"allow":["GET"]}}],"collection":[{"href":"https:\/\/www.sudoestehoje.com.br\/novoportal\/wp-json\/wp\/v2\/posts"}],"about":[{"href":"https:\/\/www.sudoestehoje.com.br\/novoportal\/wp-json\/wp\/v2\/types\/post"}],"author":[{"embeddable":true,"href":"https:\/\/www.sudoestehoje.com.br\/novoportal\/wp-json\/wp\/v2\/users\/2"}],"replies":[{"embeddable":true,"href":"https:\/\/www.sudoestehoje.com.br\/novoportal\/wp-json\/wp\/v2\/comments?post=71187"}],"version-history":[{"count":7,"href":"https:\/\/www.sudoestehoje.com.br\/novoportal\/wp-json\/wp\/v2\/posts\/71187\/revisions"}],"predecessor-version":[{"id":71195,"href":"https:\/\/www.sudoestehoje.com.br\/novoportal\/wp-json\/wp\/v2\/posts\/71187\/revisions\/71195"}],"wp:featuredmedia":[{"embeddable":true,"href":"https:\/\/www.sudoestehoje.com.br\/novoportal\/wp-json\/wp\/v2\/media\/71188"}],"wp:attachment":[{"href":"https:\/\/www.sudoestehoje.com.br\/novoportal\/wp-json\/wp\/v2\/media?parent=71187"}],"wp:term":[{"taxonomy":"category","embeddable":true,"href":"https:\/\/www.sudoestehoje.com.br\/novoportal\/wp-json\/wp\/v2\/categories?post=71187"},{"taxonomy":"post_tag","embeddable":true,"href":"https:\/\/www.sudoestehoje.com.br\/novoportal\/wp-json\/wp\/v2\/tags?post=71187"}],"curies":[{"name":"wp","href":"https:\/\/api.w.org\/{rel}","templated":true}]}}