
{"id":71176,"date":"2018-03-29T20:48:18","date_gmt":"2018-03-29T23:48:18","guid":{"rendered":"http:\/\/www.sudoestehoje.com.br\/novoportal\/?p=71176"},"modified":"2018-03-29T22:00:57","modified_gmt":"2018-03-30T01:00:57","slug":"aliados-avaliam-deixar-rui-e-apoiar-acm-neto-por-truculencia-de-otto","status":"publish","type":"post","link":"https:\/\/www.sudoestehoje.com.br\/novoportal\/2018\/03\/29\/aliados-avaliam-deixar-rui-e-apoiar-acm-neto-por-truculencia-de-otto\/","title":{"rendered":"ALIADOS AVALIAM DEIXAR RUI E APOIAR ACM NETO POR &#8216;TRUCUL\u00caNCIA&#8217; DE OTTO"},"content":{"rendered":"<p><a href=\"http:\/\/www.sudoestehoje.com.br\/novoportal\/wp-content\/uploads\/2018\/03\/josecarlosottoalencar.jpg\"><img loading=\"lazy\" decoding=\"async\" class=\"aligncenter size-medium wp-image-71181\" src=\"http:\/\/www.sudoestehoje.com.br\/novoportal\/wp-content\/uploads\/2018\/03\/josecarlosottoalencar-500x282.jpg\" alt=\"\" width=\"500\" height=\"282\" srcset=\"https:\/\/www.sudoestehoje.com.br\/novoportal\/wp-content\/uploads\/2018\/03\/josecarlosottoalencar-500x282.jpg 500w, https:\/\/www.sudoestehoje.com.br\/novoportal\/wp-content\/uploads\/2018\/03\/josecarlosottoalencar-768x433.jpg 768w, https:\/\/www.sudoestehoje.com.br\/novoportal\/wp-content\/uploads\/2018\/03\/josecarlosottoalencar-700x394.jpg 700w, https:\/\/www.sudoestehoje.com.br\/novoportal\/wp-content\/uploads\/2018\/03\/josecarlosottoalencar.jpg 1008w\" sizes=\"auto, (max-width: 500px) 100vw, 500px\" \/><\/a><\/p>\n<p>Durante toda a semana o governador Rui Costa est\u00e1 na correria, tentando estancar a fuga de aliados que est\u00e3o bandeando para o lado do prefeito de Salvador, ACM Neto, potencial candidato ao governo da Bahia. Um exemplo \u00e9 o deputado federal Jos\u00e9 Carlos Ara\u00fajo, presidente do PR na Bahia, que entrou em rota de colis\u00e3o com o senador Otto Alencar, na disputa por mais espa\u00e7o no governo.<\/p>\n<p>Nesta quinta-feira (29), o vice-prefeito de Salvador, Bruno Reis, saiu em defesa do presidente do PR, acusando Otto de ser truculento e fator de divis\u00e3o da base governista.<\/p>\n<p><em>\u201cJos\u00e9 Carlos Ara\u00fajo (PR) \u00e9 um deputado federal, presidente de partido, que tem servi\u00e7os prestados \u00e0 Bahia e ao Brasil, principalmente quando foi presidente do Conselho de \u00c9tica. J\u00e1 o senador Otto Alencar (PSD) revela o seu lado truculento de fazer pol\u00edtica, como se fosse dono do mandato e do destino dos outros\u201d<\/em>,\u00a0disse o vice-prefeito Bruno Reis (MDB).<\/p>\n<p>Mais cedo, o presidente do PSD na Bahia, senador Otto Alencar, disse que\u00a0<a href=\"http:\/\/bahia.ba\/politica\/otto-para-araujo-busque-quem-garanta-sua-reeleicao-como-eu-garanti\/\" target=\"_blank\" rel=\"noopener noreferrer\">Ara\u00fajo lhe deve seus mandatos<\/a>. O vice de ACM Neto instiga Otto dizendo que o time democrata tem atra\u00eddo \u2018lideran\u00e7as\u2019 do governo em todo o estado.<\/p>\n<p><em>\u201cOtto com sua arrog\u00e2ncia parece os antigos donos de currais eleitorais e hoje a servi\u00e7o de Rui Costa e do PT n\u00e3o admite que os pol\u00edticos possam escolher um novo projeto. Estamos recebendo o apoio de muitas lideran\u00e7as que estavam com o governo, e que vieram justamente porque n\u00e3o suportavam o jeito Otto Alencar de fazer pol\u00edtica\u201d<\/em>, afirma Bruno Reis.<\/p>\n<p>Bruno Reis disse ainda que Otto est\u00e1 empenhado na candidatura de Otto Alencar Filho, o \u2018Ottinho\u2019, a deputado federal.<em> \u201cNa \u00e2nsia de eleger o filho deputado federal e o irm\u00e3o deputado estadual, Otto est\u00e1 atropelando os aliados que v\u00ea pela frente\u201d.<\/em><\/p>\n<p>Para fechar a conta, o vice-prefeito de Salvador disse que \u201ccom certeza Ara\u00fajo\u201d, assim como ele, <em>\u201csente orgulho de um dia ter recebido uma oportunidade pol\u00edtica de um l\u00edder como o senador ACM, que costumava dizer que os \u2018ingratos at\u00e9 a natureza rejeitava&#8221;<\/em>. \/\/<em>Bahia.Ba<\/em><\/p>\n","protected":false},"excerpt":{"rendered":"<p>Durante toda a semana o governador Rui Costa est\u00e1 na correria, tentando estancar a fuga de aliados que est\u00e3o bandeando para o lado do prefeito de Salvador, ACM Neto, potencial candidato ao governo da Bahia. Um exemplo \u00e9 o deputado federal Jos\u00e9 Carlos Ara\u00fajo, presidente do PR na Bahia, que entrou em rota de colis\u00e3o [&hellip;]<\/p>\n","protected":false},"author":2,"featured_media":71181,"comment_status":"open","ping_status":"open","sticky":false,"template":"","format":"standard","meta":{"footnotes":"","_links_to":"","_links_to_target":""},"categories":[1],"tags":[],"class_list":["post-71176","post","type-post","status-publish","format-standard","has-post-thumbnail","hentry","category-geral"],"views":1248,"_links":{"self":[{"href":"https:\/\/www.sudoestehoje.com.br\/novoportal\/wp-json\/wp\/v2\/posts\/71176","targetHints":{"allow":["GET"]}}],"collection":[{"href":"https:\/\/www.sudoestehoje.com.br\/novoportal\/wp-json\/wp\/v2\/posts"}],"about":[{"href":"https:\/\/www.sudoestehoje.com.br\/novoportal\/wp-json\/wp\/v2\/types\/post"}],"author":[{"embeddable":true,"href":"https:\/\/www.sudoestehoje.com.br\/novoportal\/wp-json\/wp\/v2\/users\/2"}],"replies":[{"embeddable":true,"href":"https:\/\/www.sudoestehoje.com.br\/novoportal\/wp-json\/wp\/v2\/comments?post=71176"}],"version-history":[{"count":6,"href":"https:\/\/www.sudoestehoje.com.br\/novoportal\/wp-json\/wp\/v2\/posts\/71176\/revisions"}],"predecessor-version":[{"id":71186,"href":"https:\/\/www.sudoestehoje.com.br\/novoportal\/wp-json\/wp\/v2\/posts\/71176\/revisions\/71186"}],"wp:featuredmedia":[{"embeddable":true,"href":"https:\/\/www.sudoestehoje.com.br\/novoportal\/wp-json\/wp\/v2\/media\/71181"}],"wp:attachment":[{"href":"https:\/\/www.sudoestehoje.com.br\/novoportal\/wp-json\/wp\/v2\/media?parent=71176"}],"wp:term":[{"taxonomy":"category","embeddable":true,"href":"https:\/\/www.sudoestehoje.com.br\/novoportal\/wp-json\/wp\/v2\/categories?post=71176"},{"taxonomy":"post_tag","embeddable":true,"href":"https:\/\/www.sudoestehoje.com.br\/novoportal\/wp-json\/wp\/v2\/tags?post=71176"}],"curies":[{"name":"wp","href":"https:\/\/api.w.org\/{rel}","templated":true}]}}