
{"id":71171,"date":"2018-03-28T20:27:30","date_gmt":"2018-03-28T23:27:30","guid":{"rendered":"http:\/\/www.sudoestehoje.com.br\/novoportal\/?p=71171"},"modified":"2018-03-28T20:27:30","modified_gmt":"2018-03-28T23:27:30","slug":"ministro-dias-toffoli-manda-soltar-maluf","status":"publish","type":"post","link":"https:\/\/www.sudoestehoje.com.br\/novoportal\/2018\/03\/28\/ministro-dias-toffoli-manda-soltar-maluf\/","title":{"rendered":"MINISTRO DIAS T\u00d3FFOLI MANDA SOLTAR MALUF"},"content":{"rendered":"<p><a href=\"http:\/\/www.sudoestehoje.com.br\/novoportal\/wp-content\/uploads\/2018\/03\/dia-toffoli-solta-maluf-pris\u00e3o-domiciliar.png\"><img loading=\"lazy\" decoding=\"async\" class=\"aligncenter size-medium wp-image-71173\" src=\"http:\/\/www.sudoestehoje.com.br\/novoportal\/wp-content\/uploads\/2018\/03\/dia-toffoli-solta-maluf-pris\u00e3o-domiciliar-500x262.png\" alt=\"\" width=\"500\" height=\"262\" srcset=\"https:\/\/www.sudoestehoje.com.br\/novoportal\/wp-content\/uploads\/2018\/03\/dia-toffoli-solta-maluf-pris\u00e3o-domiciliar-500x262.png 500w, https:\/\/www.sudoestehoje.com.br\/novoportal\/wp-content\/uploads\/2018\/03\/dia-toffoli-solta-maluf-pris\u00e3o-domiciliar.png 640w\" sizes=\"auto, (max-width: 500px) 100vw, 500px\" \/><\/a><\/p>\n<p>O ministro do STF, Dias Toffoli, acaba de conceder pris\u00e3o domiciliar a Paulo Maluf.\u00a0A decis\u00e3o do ministro atende a pedido da defesa que alegava que Maluf tem 86 anos de idade, sofre de graves problemas de sa\u00fade e que a cadeia n\u00e3o tem condi\u00e7\u00f5es de oferecer o tratamento m\u00e9dico adequado.<\/p>\n<p>Maluf estava preso desde dezembro do ano passado e foi internado hoje ap\u00f3s sentir-se mal.<\/p>\n<p><em>&#8220;Ali\u00e1s, a not\u00edcia divulgada na manh\u00e3 desta quarta-feira, em respeitados ve\u00edculos de comunica\u00e7\u00e3o da imprensa brasileira, de que ele foi internado as pressas em hospital no fim da noite passada, por complica\u00e7\u00f5es no seu estado de sa\u00fade, corroboram os argumentos trazidos \u00e0 cola\u00e7\u00e3o pela defesa, bem como refor\u00e7am, pelo menos neste ju\u00edzo de cogni\u00e7\u00e3o sum\u00e1ria, a demonstra\u00e7\u00e3o satisfat\u00f3ria, considerando os documentos que instruem este feito, da situa\u00e7\u00e3o extraordin\u00e1ria autorizadora da sua pris\u00e3o domiciliar humanit\u00e1ria,&#8221;<\/em>diz trecho da decis\u00e3o.<\/p>\n<p>Maluf foi condenado a 7 anos, 9 meses e 10 dias por lavagem de dinheiro quando era prefeito de S\u00e3o Paulo (1993-1996).<\/p>\n","protected":false},"excerpt":{"rendered":"<p>O ministro do STF, Dias Toffoli, acaba de conceder pris\u00e3o domiciliar a Paulo Maluf.\u00a0A decis\u00e3o do ministro atende a pedido da defesa que alegava que Maluf tem 86 anos de idade, sofre de graves problemas de sa\u00fade e que a cadeia n\u00e3o tem condi\u00e7\u00f5es de oferecer o tratamento m\u00e9dico adequado. Maluf estava preso desde dezembro [&hellip;]<\/p>\n","protected":false},"author":2,"featured_media":71173,"comment_status":"open","ping_status":"open","sticky":false,"template":"","format":"standard","meta":{"footnotes":"","_links_to":"","_links_to_target":""},"categories":[1],"tags":[],"class_list":["post-71171","post","type-post","status-publish","format-standard","has-post-thumbnail","hentry","category-geral"],"views":1380,"_links":{"self":[{"href":"https:\/\/www.sudoestehoje.com.br\/novoportal\/wp-json\/wp\/v2\/posts\/71171","targetHints":{"allow":["GET"]}}],"collection":[{"href":"https:\/\/www.sudoestehoje.com.br\/novoportal\/wp-json\/wp\/v2\/posts"}],"about":[{"href":"https:\/\/www.sudoestehoje.com.br\/novoportal\/wp-json\/wp\/v2\/types\/post"}],"author":[{"embeddable":true,"href":"https:\/\/www.sudoestehoje.com.br\/novoportal\/wp-json\/wp\/v2\/users\/2"}],"replies":[{"embeddable":true,"href":"https:\/\/www.sudoestehoje.com.br\/novoportal\/wp-json\/wp\/v2\/comments?post=71171"}],"version-history":[{"count":2,"href":"https:\/\/www.sudoestehoje.com.br\/novoportal\/wp-json\/wp\/v2\/posts\/71171\/revisions"}],"predecessor-version":[{"id":71174,"href":"https:\/\/www.sudoestehoje.com.br\/novoportal\/wp-json\/wp\/v2\/posts\/71171\/revisions\/71174"}],"wp:featuredmedia":[{"embeddable":true,"href":"https:\/\/www.sudoestehoje.com.br\/novoportal\/wp-json\/wp\/v2\/media\/71173"}],"wp:attachment":[{"href":"https:\/\/www.sudoestehoje.com.br\/novoportal\/wp-json\/wp\/v2\/media?parent=71171"}],"wp:term":[{"taxonomy":"category","embeddable":true,"href":"https:\/\/www.sudoestehoje.com.br\/novoportal\/wp-json\/wp\/v2\/categories?post=71171"},{"taxonomy":"post_tag","embeddable":true,"href":"https:\/\/www.sudoestehoje.com.br\/novoportal\/wp-json\/wp\/v2\/tags?post=71171"}],"curies":[{"name":"wp","href":"https:\/\/api.w.org\/{rel}","templated":true}]}}