
{"id":71159,"date":"2018-05-02T17:36:46","date_gmt":"2018-05-02T20:36:46","guid":{"rendered":"http:\/\/www.sudoestehoje.com.br\/novoportal\/?p=71159"},"modified":"2018-05-16T12:06:08","modified_gmt":"2018-05-16T15:06:08","slug":"pedro-tavares-se-manifesta-contra-possivel-fechamento-da-antiga-dires-de-itapetinga","status":"publish","type":"post","link":"https:\/\/www.sudoestehoje.com.br\/novoportal\/2018\/05\/02\/pedro-tavares-se-manifesta-contra-possivel-fechamento-da-antiga-dires-de-itapetinga\/","title":{"rendered":"PEDRO TAVARES SE MANIFESTA CONTRA POSS\u00cdVEL FECHAMENTO DA ANTIGA DIRES DE ITAPETINGA"},"content":{"rendered":"<p><a href=\"http:\/\/www.sudoestehoje.com.br\/novoportal\/wp-content\/uploads\/2018\/03\/PED.png\"><img loading=\"lazy\" decoding=\"async\" class=\"aligncenter size-medium wp-image-71161\" src=\"http:\/\/www.sudoestehoje.com.br\/novoportal\/wp-content\/uploads\/2018\/03\/PED-500x270.png\" alt=\"\" width=\"500\" height=\"270\" srcset=\"https:\/\/www.sudoestehoje.com.br\/novoportal\/wp-content\/uploads\/2018\/03\/PED-500x270.png 500w, https:\/\/www.sudoestehoje.com.br\/novoportal\/wp-content\/uploads\/2018\/03\/PED.png 550w\" sizes=\"auto, (max-width: 500px) 100vw, 500px\" \/><\/a><br \/>\nA Base Regional de Sa\u00fade de Itapetinga (antiga 14\u00aa Dires) corre risco de ser desativada. A poss\u00edvel extin\u00e7\u00e3o afetar\u00e1 negativamente a presta\u00e7\u00e3o de diversos servi\u00e7os de sa\u00fade nos munic\u00edpios da regi\u00e3o que atendidos pela diretoria, como fornecimento gratuito de medicamentos de alto custo para tratamento de doen\u00e7as graves, controle de surtos e epidemias, inspe\u00e7\u00e3o de unidades hospitalares e distribui\u00e7\u00e3o de soros e vacinas para hospitais.<\/p>\n<p>O atendimento da Base Regional de Sa\u00fade de Itapetinga abrange 12 munic\u00edpios do M\u00e9dio Sudoeste. Contr\u00e1rio ao poss\u00edvel fechamento da unidade, o deputado estadual Pedro Tavares pediu sensibilidade ao governo estadual e destacou a iniciativa da C\u00e2mara Municipal de Itapetinga, que realizar\u00e1 uma sess\u00e3o especial para tratar sobre o assunto.<\/p>\n<p><em> &#8220;Essa base \u00e9 de suma import\u00e2ncia para sa\u00fade dos mun\u00edcipes, n\u00e3o s\u00f3 de Itapetinga, mas para outras cidades da regi\u00e3o. Al\u00e9m da preocupa\u00e7\u00e3o com a sa\u00fade dos moradores, existe tamb\u00e9m o desemprego que vai ser desencadeado com o fechamento. Parabenizo a todos os vereadores que est\u00e3o na luta contra esse poss\u00edvel fechamento e me junto a esse movimento. Espero que todas essas not\u00edcias n\u00e3o passem de especula\u00e7\u00f5es&#8221;<\/em>, destacou o parlamentar.<\/p>\n","protected":false},"excerpt":{"rendered":"<p>A Base Regional de Sa\u00fade de Itapetinga (antiga 14\u00aa Dires) corre risco de ser desativada. A poss\u00edvel extin\u00e7\u00e3o afetar\u00e1 negativamente a presta\u00e7\u00e3o de diversos servi\u00e7os de sa\u00fade nos munic\u00edpios da regi\u00e3o que atendidos pela diretoria, como fornecimento gratuito de medicamentos de alto custo para tratamento de doen\u00e7as graves, controle de surtos e epidemias, inspe\u00e7\u00e3o de [&hellip;]<\/p>\n","protected":false},"author":2,"featured_media":71161,"comment_status":"open","ping_status":"open","sticky":false,"template":"","format":"standard","meta":{"footnotes":"","_links_to":"","_links_to_target":""},"categories":[1],"tags":[],"class_list":["post-71159","post","type-post","status-publish","format-standard","has-post-thumbnail","hentry","category-geral"],"views":1205,"_links":{"self":[{"href":"https:\/\/www.sudoestehoje.com.br\/novoportal\/wp-json\/wp\/v2\/posts\/71159","targetHints":{"allow":["GET"]}}],"collection":[{"href":"https:\/\/www.sudoestehoje.com.br\/novoportal\/wp-json\/wp\/v2\/posts"}],"about":[{"href":"https:\/\/www.sudoestehoje.com.br\/novoportal\/wp-json\/wp\/v2\/types\/post"}],"author":[{"embeddable":true,"href":"https:\/\/www.sudoestehoje.com.br\/novoportal\/wp-json\/wp\/v2\/users\/2"}],"replies":[{"embeddable":true,"href":"https:\/\/www.sudoestehoje.com.br\/novoportal\/wp-json\/wp\/v2\/comments?post=71159"}],"version-history":[{"count":2,"href":"https:\/\/www.sudoestehoje.com.br\/novoportal\/wp-json\/wp\/v2\/posts\/71159\/revisions"}],"predecessor-version":[{"id":71162,"href":"https:\/\/www.sudoestehoje.com.br\/novoportal\/wp-json\/wp\/v2\/posts\/71159\/revisions\/71162"}],"wp:featuredmedia":[{"embeddable":true,"href":"https:\/\/www.sudoestehoje.com.br\/novoportal\/wp-json\/wp\/v2\/media\/71161"}],"wp:attachment":[{"href":"https:\/\/www.sudoestehoje.com.br\/novoportal\/wp-json\/wp\/v2\/media?parent=71159"}],"wp:term":[{"taxonomy":"category","embeddable":true,"href":"https:\/\/www.sudoestehoje.com.br\/novoportal\/wp-json\/wp\/v2\/categories?post=71159"},{"taxonomy":"post_tag","embeddable":true,"href":"https:\/\/www.sudoestehoje.com.br\/novoportal\/wp-json\/wp\/v2\/tags?post=71159"}],"curies":[{"name":"wp","href":"https:\/\/api.w.org\/{rel}","templated":true}]}}