
{"id":71151,"date":"2018-03-27T21:01:04","date_gmt":"2018-03-28T00:01:04","guid":{"rendered":"http:\/\/www.sudoestehoje.com.br\/novoportal\/?p=71151"},"modified":"2018-03-28T17:08:40","modified_gmt":"2018-03-28T20:08:40","slug":"deputado-pedro-tavares-deixa-o-mdb","status":"publish","type":"post","link":"https:\/\/www.sudoestehoje.com.br\/novoportal\/2018\/03\/27\/deputado-pedro-tavares-deixa-o-mdb\/","title":{"rendered":"DEPUTADO PEDRO TAVARES DEIXA O MDB"},"content":{"rendered":"<p><a href=\"http:\/\/www.sudoestehoje.com.br\/novoportal\/wp-content\/uploads\/2018\/03\/deputado-estadual-pedro-tavares-pmdb-bahia-500x290.jpg\"><img loading=\"lazy\" decoding=\"async\" class=\"aligncenter size-medium wp-image-71152\" src=\"http:\/\/www.sudoestehoje.com.br\/novoportal\/wp-content\/uploads\/2018\/03\/deputado-estadual-pedro-tavares-pmdb-bahia-500x290-500x290.jpg\" alt=\"\" width=\"500\" height=\"290\" \/><\/a><\/p>\n<p>O \u00faltimo deputado estadual do MDB a anunciar a sa\u00edda \u00e9 Pedro Tavares. O parlamentar preside o diret\u00f3rio do partido na Bahia e foi respons\u00e1vel pela montagem de diversas comiss\u00f5es provis\u00f3rias de \u00a0uma legenda que chegou a ter mais de 110 prefeitos eleitos em 2004.<\/p>\n<p>A sa\u00edda de Pedro Tavares, assim como dos outros deputados estaduais, \u00e9 em harmonia com L\u00facio Vieira Lima. O deputado federal se tornou entrave para coliga\u00e7\u00e3o com a prov\u00e1vel candidatura do prefeito de Salvador ACM Neto (DEM) ao governo do estado.<\/p>\n<p>Neste sentido, o MDB deve sair sozinho ou numa coliga\u00e7\u00e3o com partidos com menor representa\u00e7\u00e3o. Este \u00e9 outro problema que enfrentariam os deputados da sigla. Legendas com pouca ou nenhuma representa\u00e7\u00e3o lan\u00e7ar\u00e3o muitos candidatos com perspectiva de baixa de vota\u00e7\u00e3o para tentar atingir o consciente eleitoral.<\/p>\n<p>Pedro Tavares teve mais de 77 mil votos na \u00faltima elei\u00e7\u00e3o e nestas condi\u00e7\u00f5es teria larga vantagem sobre os postulantes sem mandato. Luciano Sim\u00f5es (58.319), Hild\u00e9cio Meireles (48.143) e David Rios (41.777), al\u00e9m de Leur Lomanto tamb\u00e9m.<!--more--><\/p>\n<p>Caso continuassem no MDB eles passariam a ser o \u201cproblema\u201d para uma eventual coliga\u00e7\u00e3o que L\u00facio Vieira Lima tente fechar.<\/p>\n<p>N\u00e3o se pode ignorar, no entanto, que o veto \u00e0 participa\u00e7\u00e3o na chapa que tende a ser encabe\u00e7ada por Neto somado ao desgaste do partido com todos os esc\u00e2ndalos envolvendo Geddel Vieira Lima sacramentaram este processo de debandada.<\/p>\n<p>Sobre o caminho de cada um, o que se sabe at\u00e9 o momento \u00e9 que os cinco pretendem aportar partidos que participem do chamado \u201cchap\u00e3o\u201d. Ir\u00e3o esperar Neto anunciar a decis\u00e3o, que a cada dia fica mais clara que j\u00e1 foi tomada e ser\u00e1 pela candidatura, e em conjunto decidir\u00e3o o rumo ou os rumos. \/\/Boc\u00e3o News<\/p>\n","protected":false},"excerpt":{"rendered":"<p>O \u00faltimo deputado estadual do MDB a anunciar a sa\u00edda \u00e9 Pedro Tavares. O parlamentar preside o diret\u00f3rio do partido na Bahia e foi respons\u00e1vel pela montagem de diversas comiss\u00f5es provis\u00f3rias de \u00a0uma legenda que chegou a ter mais de 110 prefeitos eleitos em 2004. A sa\u00edda de Pedro Tavares, assim como dos outros deputados [&hellip;]<\/p>\n","protected":false},"author":2,"featured_media":71152,"comment_status":"open","ping_status":"open","sticky":false,"template":"","format":"standard","meta":{"footnotes":"","_links_to":"","_links_to_target":""},"categories":[1],"tags":[],"class_list":["post-71151","post","type-post","status-publish","format-standard","has-post-thumbnail","hentry","category-geral"],"views":2162,"_links":{"self":[{"href":"https:\/\/www.sudoestehoje.com.br\/novoportal\/wp-json\/wp\/v2\/posts\/71151","targetHints":{"allow":["GET"]}}],"collection":[{"href":"https:\/\/www.sudoestehoje.com.br\/novoportal\/wp-json\/wp\/v2\/posts"}],"about":[{"href":"https:\/\/www.sudoestehoje.com.br\/novoportal\/wp-json\/wp\/v2\/types\/post"}],"author":[{"embeddable":true,"href":"https:\/\/www.sudoestehoje.com.br\/novoportal\/wp-json\/wp\/v2\/users\/2"}],"replies":[{"embeddable":true,"href":"https:\/\/www.sudoestehoje.com.br\/novoportal\/wp-json\/wp\/v2\/comments?post=71151"}],"version-history":[{"count":2,"href":"https:\/\/www.sudoestehoje.com.br\/novoportal\/wp-json\/wp\/v2\/posts\/71151\/revisions"}],"predecessor-version":[{"id":71154,"href":"https:\/\/www.sudoestehoje.com.br\/novoportal\/wp-json\/wp\/v2\/posts\/71151\/revisions\/71154"}],"wp:featuredmedia":[{"embeddable":true,"href":"https:\/\/www.sudoestehoje.com.br\/novoportal\/wp-json\/wp\/v2\/media\/71152"}],"wp:attachment":[{"href":"https:\/\/www.sudoestehoje.com.br\/novoportal\/wp-json\/wp\/v2\/media?parent=71151"}],"wp:term":[{"taxonomy":"category","embeddable":true,"href":"https:\/\/www.sudoestehoje.com.br\/novoportal\/wp-json\/wp\/v2\/categories?post=71151"},{"taxonomy":"post_tag","embeddable":true,"href":"https:\/\/www.sudoestehoje.com.br\/novoportal\/wp-json\/wp\/v2\/tags?post=71151"}],"curies":[{"name":"wp","href":"https:\/\/api.w.org\/{rel}","templated":true}]}}