
{"id":71135,"date":"2018-03-27T09:52:01","date_gmt":"2018-03-27T12:52:01","guid":{"rendered":"http:\/\/www.sudoestehoje.com.br\/novoportal\/?p=71135"},"modified":"2018-03-27T09:52:01","modified_gmt":"2018-03-27T12:52:01","slug":"lucio-diz-que-mdb-pode-lancar-candidato-ao-governo-da-bahia","status":"publish","type":"post","link":"https:\/\/www.sudoestehoje.com.br\/novoportal\/2018\/03\/27\/lucio-diz-que-mdb-pode-lancar-candidato-ao-governo-da-bahia\/","title":{"rendered":"L\u00daCIO DIZ QUE MDB PODE LAN\u00c7AR CANDIDATO AO GOVERNO DA BAHIA"},"content":{"rendered":"<p><a href=\"http:\/\/www.sudoestehoje.com.br\/novoportal\/wp-content\/uploads\/2018\/03\/lucio-vieira-lima-foto-antonio-cruz-agencia-brasil.jpg\"><img loading=\"lazy\" decoding=\"async\" class=\"aligncenter size-medium wp-image-71136\" src=\"http:\/\/www.sudoestehoje.com.br\/novoportal\/wp-content\/uploads\/2018\/03\/lucio-vieira-lima-foto-antonio-cruz-agencia-brasil-500x350.jpg\" alt=\"\" width=\"500\" height=\"350\" srcset=\"https:\/\/www.sudoestehoje.com.br\/novoportal\/wp-content\/uploads\/2018\/03\/lucio-vieira-lima-foto-antonio-cruz-agencia-brasil-500x350.jpg 500w, https:\/\/www.sudoestehoje.com.br\/novoportal\/wp-content\/uploads\/2018\/03\/lucio-vieira-lima-foto-antonio-cruz-agencia-brasil.jpg 600w\" sizes=\"auto, (max-width: 500px) 100vw, 500px\" \/><\/a><\/p>\n<p>O MDB da Bahia articula lan\u00e7ar\u00a0um candidato ao governo do Estado na elei\u00e7\u00e3o deste ano, segundo informou o deputado federal L\u00facio Vieira Lima ao site Pol\u00edticos do Sul da Bahia.<\/p>\n<p>De acordo com o parlamentar, o partido estuda os nomes do ex-ministro Jo\u00e3o Santana e do coronel Roberto Guimar\u00e3es. L\u00facio alega que o motivo da articula\u00e7\u00e3o \u00e9 ter palanque para o presidente Michel Temer (MDB), que j\u00e1 declarou que ser\u00e1 candidato\u00a0\u00e0 reelei\u00e7\u00e3o.<\/p>\n<p>\u201cA Executiva do partido dever\u00e1 se reunir para decidir, mas j\u00e1 estamos analisando dois nomes, e vamos continuar na oposi\u00e7\u00e3o no estado. Mas a candidatura do MDB surge por conta do an\u00fancio de Michel Temer em ser candidato a presidente, o partido dele na Bahia tem que formar um palanque para ele\u201d, declarou L\u00facio, em entrevista ao site.<\/p>\n","protected":false},"excerpt":{"rendered":"<p>O MDB da Bahia articula lan\u00e7ar\u00a0um candidato ao governo do Estado na elei\u00e7\u00e3o deste ano, segundo informou o deputado federal L\u00facio Vieira Lima ao site Pol\u00edticos do Sul da Bahia. De acordo com o parlamentar, o partido estuda os nomes do ex-ministro Jo\u00e3o Santana e do coronel Roberto Guimar\u00e3es. L\u00facio alega que o motivo da [&hellip;]<\/p>\n","protected":false},"author":2,"featured_media":71136,"comment_status":"open","ping_status":"open","sticky":false,"template":"","format":"standard","meta":{"footnotes":"","_links_to":"","_links_to_target":""},"categories":[1],"tags":[],"class_list":["post-71135","post","type-post","status-publish","format-standard","has-post-thumbnail","hentry","category-geral"],"views":1510,"_links":{"self":[{"href":"https:\/\/www.sudoestehoje.com.br\/novoportal\/wp-json\/wp\/v2\/posts\/71135","targetHints":{"allow":["GET"]}}],"collection":[{"href":"https:\/\/www.sudoestehoje.com.br\/novoportal\/wp-json\/wp\/v2\/posts"}],"about":[{"href":"https:\/\/www.sudoestehoje.com.br\/novoportal\/wp-json\/wp\/v2\/types\/post"}],"author":[{"embeddable":true,"href":"https:\/\/www.sudoestehoje.com.br\/novoportal\/wp-json\/wp\/v2\/users\/2"}],"replies":[{"embeddable":true,"href":"https:\/\/www.sudoestehoje.com.br\/novoportal\/wp-json\/wp\/v2\/comments?post=71135"}],"version-history":[{"count":2,"href":"https:\/\/www.sudoestehoje.com.br\/novoportal\/wp-json\/wp\/v2\/posts\/71135\/revisions"}],"predecessor-version":[{"id":71138,"href":"https:\/\/www.sudoestehoje.com.br\/novoportal\/wp-json\/wp\/v2\/posts\/71135\/revisions\/71138"}],"wp:featuredmedia":[{"embeddable":true,"href":"https:\/\/www.sudoestehoje.com.br\/novoportal\/wp-json\/wp\/v2\/media\/71136"}],"wp:attachment":[{"href":"https:\/\/www.sudoestehoje.com.br\/novoportal\/wp-json\/wp\/v2\/media?parent=71135"}],"wp:term":[{"taxonomy":"category","embeddable":true,"href":"https:\/\/www.sudoestehoje.com.br\/novoportal\/wp-json\/wp\/v2\/categories?post=71135"},{"taxonomy":"post_tag","embeddable":true,"href":"https:\/\/www.sudoestehoje.com.br\/novoportal\/wp-json\/wp\/v2\/tags?post=71135"}],"curies":[{"name":"wp","href":"https:\/\/api.w.org\/{rel}","templated":true}]}}