
{"id":71130,"date":"2018-03-26T21:25:29","date_gmt":"2018-03-27T00:25:29","guid":{"rendered":"http:\/\/www.sudoestehoje.com.br\/novoportal\/?p=71130"},"modified":"2018-03-26T21:32:10","modified_gmt":"2018-03-27T00:32:10","slug":"mesmo-sem-definir-candidatura-neto-desenha-duas-chapas-para-governo","status":"publish","type":"post","link":"https:\/\/www.sudoestehoje.com.br\/novoportal\/2018\/03\/26\/mesmo-sem-definir-candidatura-neto-desenha-duas-chapas-para-governo\/","title":{"rendered":"MESMO SEM DEFINIR CANDIDATURA, NETO DESENHA DUAS CHAPAS PARA GOVERNO"},"content":{"rendered":"<p><a href=\"http:\/\/www.sudoestehoje.com.br\/novoportal\/wp-content\/uploads\/2018\/03\/gercino-acm-neto-foto-tati-freitas-alo-alo-bahia.jpg\"><img loading=\"lazy\" decoding=\"async\" class=\"aligncenter size-medium wp-image-71131\" src=\"http:\/\/www.sudoestehoje.com.br\/novoportal\/wp-content\/uploads\/2018\/03\/gercino-acm-neto-foto-tati-freitas-alo-alo-bahia-500x350.jpg\" alt=\"\" width=\"500\" height=\"350\" srcset=\"https:\/\/www.sudoestehoje.com.br\/novoportal\/wp-content\/uploads\/2018\/03\/gercino-acm-neto-foto-tati-freitas-alo-alo-bahia-500x350.jpg 500w, https:\/\/www.sudoestehoje.com.br\/novoportal\/wp-content\/uploads\/2018\/03\/gercino-acm-neto-foto-tati-freitas-alo-alo-bahia.jpg 600w\" sizes=\"auto, (max-width: 500px) 100vw, 500px\" \/><\/a><\/p>\n<p>Mesmo<a href=\"http:\/\/bahia.ba\/politica\/aliados-dizem-que-tempo-de-tv-e-unico-impasse-para-candidatura-de-neto\/\" target=\"_blank\" rel=\"noopener noreferrer\">\u00a0<\/a>sem definir se ser\u00e1 candidato\u00a0ou n\u00e3o ao governo da Bahia, o prefeito de Salvador, ACM Neto, tem hoje, pelos menos, duas chapas desenhadas para disputar o Pal\u00e1cio de Ondina.<\/p>\n<p>Nos dois cen\u00e1rios, o chefe do Thom\u00e9 de Souza ser\u00e1 a cabe\u00e7a da composi\u00e7\u00e3o. No primeiro, se o democrata soteropolitano conseguir atrair o PR para sua base, o deputado federal\u00a0Jos\u00e9 Rocha seria o candidato \u00e0 vice na sua chapa. O parlamentar Jutahy J\u00fanior (PSDB) e o prefeito de Feira de Santana,\u00a0Jos\u00e9 Ronaldo\u00a0(DEM), seriam postulantes ao Senado.<\/p>\n<p>No segundo cen\u00e1rio, sem o PR, Neto seria candidato ao governo, tendo como vice o empres\u00e1rio Gercino Coelho, que \u00e9 filho do ex-governador Nilo Coelho. Jutahy e Z\u00e9 Ronaldo disputariam a Casa Alta do Congresso Nacional.<\/p>\n<p>\u201cGercino tem uma parcela expressiva do eleitorado, especialmente no Sudoeste, onde Neto precisa crescer e o PT tem tradi\u00e7\u00e3o. Ent\u00e3o, com Gercino e Jos\u00e9 Ronaldo, a chapa fica robusta do ponto de vista de votos\u201d, analisou um aliado.<\/p>\n<p>Uma dificuldade para Gercino integrar a chapa de Neto \u00e9 o fato de ser do PSDB. Com a candidatura de Jutahy j\u00e1 posta ao Senado, o filho de Nilo Coelho teria que migrar para outro partido a fim de concorrer na elei\u00e7\u00e3o deste ano. A expectativa \u00e9 que Neto anuncie sua candidatura ao governo entre os dias 6 e 7 de abril. \/\/<em>Bahia.ba<\/em><\/p>\n","protected":false},"excerpt":{"rendered":"<p>Mesmo\u00a0sem definir se ser\u00e1 candidato\u00a0ou n\u00e3o ao governo da Bahia, o prefeito de Salvador, ACM Neto, tem hoje, pelos menos, duas chapas desenhadas para disputar o Pal\u00e1cio de Ondina. Nos dois cen\u00e1rios, o chefe do Thom\u00e9 de Souza ser\u00e1 a cabe\u00e7a da composi\u00e7\u00e3o. No primeiro, se o democrata soteropolitano conseguir atrair o PR para sua [&hellip;]<\/p>\n","protected":false},"author":2,"featured_media":71131,"comment_status":"open","ping_status":"open","sticky":false,"template":"","format":"standard","meta":{"footnotes":"","_links_to":"","_links_to_target":""},"categories":[1],"tags":[],"class_list":["post-71130","post","type-post","status-publish","format-standard","has-post-thumbnail","hentry","category-geral"],"views":1086,"_links":{"self":[{"href":"https:\/\/www.sudoestehoje.com.br\/novoportal\/wp-json\/wp\/v2\/posts\/71130","targetHints":{"allow":["GET"]}}],"collection":[{"href":"https:\/\/www.sudoestehoje.com.br\/novoportal\/wp-json\/wp\/v2\/posts"}],"about":[{"href":"https:\/\/www.sudoestehoje.com.br\/novoportal\/wp-json\/wp\/v2\/types\/post"}],"author":[{"embeddable":true,"href":"https:\/\/www.sudoestehoje.com.br\/novoportal\/wp-json\/wp\/v2\/users\/2"}],"replies":[{"embeddable":true,"href":"https:\/\/www.sudoestehoje.com.br\/novoportal\/wp-json\/wp\/v2\/comments?post=71130"}],"version-history":[{"count":3,"href":"https:\/\/www.sudoestehoje.com.br\/novoportal\/wp-json\/wp\/v2\/posts\/71130\/revisions"}],"predecessor-version":[{"id":71134,"href":"https:\/\/www.sudoestehoje.com.br\/novoportal\/wp-json\/wp\/v2\/posts\/71130\/revisions\/71134"}],"wp:featuredmedia":[{"embeddable":true,"href":"https:\/\/www.sudoestehoje.com.br\/novoportal\/wp-json\/wp\/v2\/media\/71131"}],"wp:attachment":[{"href":"https:\/\/www.sudoestehoje.com.br\/novoportal\/wp-json\/wp\/v2\/media?parent=71130"}],"wp:term":[{"taxonomy":"category","embeddable":true,"href":"https:\/\/www.sudoestehoje.com.br\/novoportal\/wp-json\/wp\/v2\/categories?post=71130"},{"taxonomy":"post_tag","embeddable":true,"href":"https:\/\/www.sudoestehoje.com.br\/novoportal\/wp-json\/wp\/v2\/tags?post=71130"}],"curies":[{"name":"wp","href":"https:\/\/api.w.org\/{rel}","templated":true}]}}