
{"id":71113,"date":"2018-03-26T18:20:32","date_gmt":"2018-03-26T21:20:32","guid":{"rendered":"http:\/\/www.sudoestehoje.com.br\/novoportal\/?p=71113"},"modified":"2018-03-26T18:20:32","modified_gmt":"2018-03-26T21:20:32","slug":"trf-4-nega-ultimo-recurso-de-lula","status":"publish","type":"post","link":"https:\/\/www.sudoestehoje.com.br\/novoportal\/2018\/03\/26\/trf-4-nega-ultimo-recurso-de-lula\/","title":{"rendered":"TRF-4 NEGA \u00daLTIMO RECURSO DE LULA"},"content":{"rendered":"<p><a href=\"http:\/\/www.sudoestehoje.com.br\/novoportal\/wp-content\/uploads\/2018\/03\/LULA.jpg\"><img loading=\"lazy\" decoding=\"async\" class=\"aligncenter size-medium wp-image-71114\" src=\"http:\/\/www.sudoestehoje.com.br\/novoportal\/wp-content\/uploads\/2018\/03\/LULA-500x250.jpg\" alt=\"\" width=\"500\" height=\"250\" srcset=\"https:\/\/www.sudoestehoje.com.br\/novoportal\/wp-content\/uploads\/2018\/03\/LULA-500x250.jpg 500w, https:\/\/www.sudoestehoje.com.br\/novoportal\/wp-content\/uploads\/2018\/03\/LULA-768x384.jpg 768w, https:\/\/www.sudoestehoje.com.br\/novoportal\/wp-content\/uploads\/2018\/03\/LULA-700x350.jpg 700w, https:\/\/www.sudoestehoje.com.br\/novoportal\/wp-content\/uploads\/2018\/03\/LULA.jpg 1200w\" sizes=\"auto, (max-width: 500px) 100vw, 500px\" \/><\/a><\/p>\n<p>O Tribunal Regional Federal da 4.\u00aa Regi\u00e3o (TRF-4) decidiu por unanimidade, 3 votos a 0, pela rejei\u00e7\u00e3o do recurso do ex-presidente Lula\u00a0\u00a0contra a decis\u00e3o em\u00a0segunda inst\u00e2ncia, que aumentou a pena no caso do\u00a0triplex no Guaruj\u00e1, em S\u00e3o Paulo.<\/p>\n<p>Com a decis\u00e3o por unanimidade, Lula poderia ser preso ainda nesta segunda-feira (26), mas tem liberdade garantida at\u00e9 o pr\u00f3ximo dia 4 de abril quando o Supremo Tribunal Federal analisar\u00e1 um pedido de habeas corpus preventivo.<\/p>\n<p>A sess\u00e3o foi aberta por volta das 13h30. Votaram\u00a0os desembargadores Jo\u00e3o Pedro Gebran Neto, relator, Leandro Paulsen e Victor Laus.<\/p>\n","protected":false},"excerpt":{"rendered":"<p>O Tribunal Regional Federal da 4.\u00aa Regi\u00e3o (TRF-4) decidiu por unanimidade, 3 votos a 0, pela rejei\u00e7\u00e3o do recurso do ex-presidente Lula\u00a0\u00a0contra a decis\u00e3o em\u00a0segunda inst\u00e2ncia, que aumentou a pena no caso do\u00a0triplex no Guaruj\u00e1, em S\u00e3o Paulo. Com a decis\u00e3o por unanimidade, Lula poderia ser preso ainda nesta segunda-feira (26), mas tem liberdade garantida [&hellip;]<\/p>\n","protected":false},"author":2,"featured_media":71114,"comment_status":"open","ping_status":"open","sticky":false,"template":"","format":"standard","meta":{"footnotes":"","_links_to":"","_links_to_target":""},"categories":[1],"tags":[],"class_list":["post-71113","post","type-post","status-publish","format-standard","has-post-thumbnail","hentry","category-geral"],"views":1180,"_links":{"self":[{"href":"https:\/\/www.sudoestehoje.com.br\/novoportal\/wp-json\/wp\/v2\/posts\/71113","targetHints":{"allow":["GET"]}}],"collection":[{"href":"https:\/\/www.sudoestehoje.com.br\/novoportal\/wp-json\/wp\/v2\/posts"}],"about":[{"href":"https:\/\/www.sudoestehoje.com.br\/novoportal\/wp-json\/wp\/v2\/types\/post"}],"author":[{"embeddable":true,"href":"https:\/\/www.sudoestehoje.com.br\/novoportal\/wp-json\/wp\/v2\/users\/2"}],"replies":[{"embeddable":true,"href":"https:\/\/www.sudoestehoje.com.br\/novoportal\/wp-json\/wp\/v2\/comments?post=71113"}],"version-history":[{"count":1,"href":"https:\/\/www.sudoestehoje.com.br\/novoportal\/wp-json\/wp\/v2\/posts\/71113\/revisions"}],"predecessor-version":[{"id":71115,"href":"https:\/\/www.sudoestehoje.com.br\/novoportal\/wp-json\/wp\/v2\/posts\/71113\/revisions\/71115"}],"wp:featuredmedia":[{"embeddable":true,"href":"https:\/\/www.sudoestehoje.com.br\/novoportal\/wp-json\/wp\/v2\/media\/71114"}],"wp:attachment":[{"href":"https:\/\/www.sudoestehoje.com.br\/novoportal\/wp-json\/wp\/v2\/media?parent=71113"}],"wp:term":[{"taxonomy":"category","embeddable":true,"href":"https:\/\/www.sudoestehoje.com.br\/novoportal\/wp-json\/wp\/v2\/categories?post=71113"},{"taxonomy":"post_tag","embeddable":true,"href":"https:\/\/www.sudoestehoje.com.br\/novoportal\/wp-json\/wp\/v2\/tags?post=71113"}],"curies":[{"name":"wp","href":"https:\/\/api.w.org\/{rel}","templated":true}]}}