
{"id":71106,"date":"2018-03-26T06:55:48","date_gmt":"2018-03-26T09:55:48","guid":{"rendered":"http:\/\/www.sudoestehoje.com.br\/novoportal\/?p=71106"},"modified":"2018-03-26T09:12:56","modified_gmt":"2018-03-26T12:12:56","slug":"coelba-desmente-interrupcao-do-fornecimento-de-energia-aviso-e-fake","status":"publish","type":"post","link":"https:\/\/www.sudoestehoje.com.br\/novoportal\/2018\/03\/26\/coelba-desmente-interrupcao-do-fornecimento-de-energia-aviso-e-fake\/","title":{"rendered":"COELBA DESMENTE INTERRUP\u00c7\u00c3O NO FORNECIMENTO DE ENERGIA; AVISO \u00c9 FAKE"},"content":{"rendered":"<p><a href=\"http:\/\/www.sudoestehoje.com.br\/novoportal\/wp-content\/uploads\/2018\/03\/coelba.jpg\"><img loading=\"lazy\" decoding=\"async\" class=\"aligncenter size-medium wp-image-71107\" src=\"http:\/\/www.sudoestehoje.com.br\/novoportal\/wp-content\/uploads\/2018\/03\/coelba-500x549.jpg\" alt=\"\" width=\"500\" height=\"549\" srcset=\"https:\/\/www.sudoestehoje.com.br\/novoportal\/wp-content\/uploads\/2018\/03\/coelba-500x549.jpg 500w, https:\/\/www.sudoestehoje.com.br\/novoportal\/wp-content\/uploads\/2018\/03\/coelba.jpg 688w\" sizes=\"auto, (max-width: 500px) 100vw, 500px\" \/><\/a><\/p>\n<p>Vem circulando nas redes sociais em toda a regi\u00e3o, um suposto &#8220;Aviso de Desligamento Programado de Energia&#8221;, previsto para esta segunda-feira (26), das 09 \u00e0s 16h, em papel timbrado da Coelba, o que d\u00e1 a falsa impress\u00e3o de se tratar de um documento aut\u00eantico, para os desavisados.<\/p>\n<p>Basta um olhar mais atento no aviso, para perceber que se trata de uma postagem falsa (fake), at\u00e9 porque n\u00e3o consta o nome da localidade a ser atingida pelo &#8216;apag\u00e3o programado&#8217;, mas apenas o dia e o hor\u00e1rio.<\/p>\n<p>Em contato com a Coelba, o <em>Sudoeste Hoje<\/em> foi informado que n\u00e3o h\u00e1 nenhuma programa\u00e7\u00e3o para interromper o fornecimento de energia em Itapetinga e demais cidades da regi\u00e3o, nesta segunda, e que o documento que circula nas redes sociais, certamente \u00e9 &#8216;fake news&#8217;, tranquilizando a popula\u00e7\u00e3o.<\/p>\n<p><strong><em>Por Davi Ferraz<\/em><\/strong><\/p>\n","protected":false},"excerpt":{"rendered":"<p>Vem circulando nas redes sociais em toda a regi\u00e3o, um suposto &#8220;Aviso de Desligamento Programado de Energia&#8221;, previsto para esta segunda-feira (26), das 09 \u00e0s 16h, em papel timbrado da Coelba, o que d\u00e1 a falsa impress\u00e3o de se tratar de um documento aut\u00eantico, para os desavisados. Basta um olhar mais atento no aviso, para [&hellip;]<\/p>\n","protected":false},"author":2,"featured_media":71107,"comment_status":"open","ping_status":"open","sticky":false,"template":"","format":"standard","meta":{"footnotes":"","_links_to":"","_links_to_target":""},"categories":[1],"tags":[],"class_list":["post-71106","post","type-post","status-publish","format-standard","has-post-thumbnail","hentry","category-geral"],"views":3645,"_links":{"self":[{"href":"https:\/\/www.sudoestehoje.com.br\/novoportal\/wp-json\/wp\/v2\/posts\/71106","targetHints":{"allow":["GET"]}}],"collection":[{"href":"https:\/\/www.sudoestehoje.com.br\/novoportal\/wp-json\/wp\/v2\/posts"}],"about":[{"href":"https:\/\/www.sudoestehoje.com.br\/novoportal\/wp-json\/wp\/v2\/types\/post"}],"author":[{"embeddable":true,"href":"https:\/\/www.sudoestehoje.com.br\/novoportal\/wp-json\/wp\/v2\/users\/2"}],"replies":[{"embeddable":true,"href":"https:\/\/www.sudoestehoje.com.br\/novoportal\/wp-json\/wp\/v2\/comments?post=71106"}],"version-history":[{"count":5,"href":"https:\/\/www.sudoestehoje.com.br\/novoportal\/wp-json\/wp\/v2\/posts\/71106\/revisions"}],"predecessor-version":[{"id":71112,"href":"https:\/\/www.sudoestehoje.com.br\/novoportal\/wp-json\/wp\/v2\/posts\/71106\/revisions\/71112"}],"wp:featuredmedia":[{"embeddable":true,"href":"https:\/\/www.sudoestehoje.com.br\/novoportal\/wp-json\/wp\/v2\/media\/71107"}],"wp:attachment":[{"href":"https:\/\/www.sudoestehoje.com.br\/novoportal\/wp-json\/wp\/v2\/media?parent=71106"}],"wp:term":[{"taxonomy":"category","embeddable":true,"href":"https:\/\/www.sudoestehoje.com.br\/novoportal\/wp-json\/wp\/v2\/categories?post=71106"},{"taxonomy":"post_tag","embeddable":true,"href":"https:\/\/www.sudoestehoje.com.br\/novoportal\/wp-json\/wp\/v2\/tags?post=71106"}],"curies":[{"name":"wp","href":"https:\/\/api.w.org\/{rel}","templated":true}]}}