
{"id":71082,"date":"2018-03-24T17:48:41","date_gmt":"2018-03-24T20:48:41","guid":{"rendered":"http:\/\/www.sudoestehoje.com.br\/novoportal\/?p=71082"},"modified":"2018-03-24T17:48:41","modified_gmt":"2018-03-24T20:48:41","slug":"porteira-aberta-presos-em-2a-instancia-pedem-no-stf-beneficio-dado-a-lula","status":"publish","type":"post","link":"https:\/\/www.sudoestehoje.com.br\/novoportal\/2018\/03\/24\/porteira-aberta-presos-em-2a-instancia-pedem-no-stf-beneficio-dado-a-lula\/","title":{"rendered":"PORTEIRA ABERTA: PRESOS EM 2\u00aa INST\u00c2NCIA PEDEM NO STF BENEF\u00cdCIO DADO A LULA"},"content":{"rendered":"<p><a href=\"http:\/\/www.sudoestehoje.com.br\/novoportal\/wp-content\/uploads\/2018\/03\/paloci.jpg\"><img loading=\"lazy\" decoding=\"async\" class=\"aligncenter size-medium wp-image-71083\" src=\"http:\/\/www.sudoestehoje.com.br\/novoportal\/wp-content\/uploads\/2018\/03\/paloci-500x357.jpg\" alt=\"\" width=\"500\" height=\"357\" srcset=\"https:\/\/www.sudoestehoje.com.br\/novoportal\/wp-content\/uploads\/2018\/03\/paloci-500x357.jpg 500w, https:\/\/www.sudoestehoje.com.br\/novoportal\/wp-content\/uploads\/2018\/03\/paloci.jpg 675w\" sizes=\"auto, (max-width: 500px) 100vw, 500px\" \/><\/a><\/p>\n<p>N\u00e3o \u00e9 apenas o ex-presidente Luiz In\u00e1cio Lula da Silva que ficou animado ap\u00f3s os ministros do Supremo Tribunal Federal terem aceitado analisar o habeas corpus apresentado pela defesa do petista. Outros pol\u00edticos enrolados na Lava-Jato, como os ex-ministros Antonio Palocci e Jos\u00e9 Dirceu, o ex-senador Gim Argello e o ex-tesoureiro do PT Jo\u00e3o Vaccari Neto, aumentaram as esperan\u00e7as de que tamb\u00e9m poder\u00e3o ser soltos at\u00e9 que as senten\u00e7as sejam transitadas em julgado.<\/p>\n<p>A defesa do ex-ministro Antonio Palocci n\u00e3o perdeu tempo e requereu, na tarde de ontem, que o ministro Edson Fachin retire do plen\u00e1rio e paute na Segunda Turma o pedido de liberdade do r\u00e9u, preso h\u00e1 cerca de um ano e meio na Lava-Jato. Os advogados alegam que o motivo descrito por Fachin para enviar o caso ao plen\u00e1rio \u2014 diverg\u00eancias entre as duas turmas da Corte \u2014 foi superado na sess\u00e3o da quinta-feira do Supremo.<\/p>\n<p>GEDDEL TAMB\u00c9M QUER<\/p>\n<p>A defesa de Geddel Vieira Lima\u00a0pediu para Edson Fachin revogar a pris\u00e3o do ex-ministro, com base na decis\u00e3o do pr\u00f3prio STF de conceder um salvo-conduto a Lula at\u00e9 que o habeas corpus do petista seja analisado, em 4 de abril, informa O Globo.<\/p>\n<p>\u201cEm peti\u00e7\u00e3o enviada na sexta-feira, o advogado Gamil F\u00f6ppel argumenta que protocolou, em outubro de 2017, um agravo regimental contra a pris\u00e3o de Geddel, determinada em setembro, mas que o recurso ainda n\u00e3o foi sequer pautado para ser julgado.<\/p>\n<p>Por isso, a defesa afirma que, assim como Lula, Geddel n\u00e3o pode ser prejudicado \u2018pela demora da presta\u00e7\u00e3o jurisdicional ao processado\u2019, e pede para que ele seja libertado at\u00e9 que o agravo regimental seja julgado, \u2018por coer\u00eancia e simetria\u2019.\u201d<\/p>\n<p>Como diz o ditado, &#8220;Porteira que passa um boi, passa uma boiada&#8230;&#8221;.<\/p>\n","protected":false},"excerpt":{"rendered":"<p>N\u00e3o \u00e9 apenas o ex-presidente Luiz In\u00e1cio Lula da Silva que ficou animado ap\u00f3s os ministros do Supremo Tribunal Federal terem aceitado analisar o habeas corpus apresentado pela defesa do petista. Outros pol\u00edticos enrolados na Lava-Jato, como os ex-ministros Antonio Palocci e Jos\u00e9 Dirceu, o ex-senador Gim Argello e o ex-tesoureiro do PT Jo\u00e3o Vaccari [&hellip;]<\/p>\n","protected":false},"author":2,"featured_media":71083,"comment_status":"open","ping_status":"open","sticky":false,"template":"","format":"standard","meta":{"footnotes":"","_links_to":"","_links_to_target":""},"categories":[1],"tags":[],"class_list":["post-71082","post","type-post","status-publish","format-standard","has-post-thumbnail","hentry","category-geral"],"views":1143,"_links":{"self":[{"href":"https:\/\/www.sudoestehoje.com.br\/novoportal\/wp-json\/wp\/v2\/posts\/71082","targetHints":{"allow":["GET"]}}],"collection":[{"href":"https:\/\/www.sudoestehoje.com.br\/novoportal\/wp-json\/wp\/v2\/posts"}],"about":[{"href":"https:\/\/www.sudoestehoje.com.br\/novoportal\/wp-json\/wp\/v2\/types\/post"}],"author":[{"embeddable":true,"href":"https:\/\/www.sudoestehoje.com.br\/novoportal\/wp-json\/wp\/v2\/users\/2"}],"replies":[{"embeddable":true,"href":"https:\/\/www.sudoestehoje.com.br\/novoportal\/wp-json\/wp\/v2\/comments?post=71082"}],"version-history":[{"count":2,"href":"https:\/\/www.sudoestehoje.com.br\/novoportal\/wp-json\/wp\/v2\/posts\/71082\/revisions"}],"predecessor-version":[{"id":71085,"href":"https:\/\/www.sudoestehoje.com.br\/novoportal\/wp-json\/wp\/v2\/posts\/71082\/revisions\/71085"}],"wp:featuredmedia":[{"embeddable":true,"href":"https:\/\/www.sudoestehoje.com.br\/novoportal\/wp-json\/wp\/v2\/media\/71083"}],"wp:attachment":[{"href":"https:\/\/www.sudoestehoje.com.br\/novoportal\/wp-json\/wp\/v2\/media?parent=71082"}],"wp:term":[{"taxonomy":"category","embeddable":true,"href":"https:\/\/www.sudoestehoje.com.br\/novoportal\/wp-json\/wp\/v2\/categories?post=71082"},{"taxonomy":"post_tag","embeddable":true,"href":"https:\/\/www.sudoestehoje.com.br\/novoportal\/wp-json\/wp\/v2\/tags?post=71082"}],"curies":[{"name":"wp","href":"https:\/\/api.w.org\/{rel}","templated":true}]}}