
{"id":71069,"date":"2018-03-23T19:41:44","date_gmt":"2018-03-23T22:41:44","guid":{"rendered":"http:\/\/www.sudoestehoje.com.br\/novoportal\/?p=71069"},"modified":"2018-03-23T20:30:34","modified_gmt":"2018-03-23T23:30:34","slug":"jequie-antonio-brito-realiza-encontro-do-psd-com-a-presenca-de-mais-de-30-municipios","status":"publish","type":"post","link":"https:\/\/www.sudoestehoje.com.br\/novoportal\/2018\/03\/23\/jequie-antonio-brito-realiza-encontro-do-psd-com-a-presenca-de-mais-de-30-municipios\/","title":{"rendered":"JEQUI\u00c9: ANT\u00d4NIO BRITO REALIZA ENCONTRO DO PSD COM A PRESEN\u00c7A DE MAIS DE 30 MUNIC\u00cdPIOS"},"content":{"rendered":"<p><a href=\"http:\/\/www.sudoestehoje.com.br\/novoportal\/wp-content\/uploads\/2018\/03\/b-1-1.jpg\"><img loading=\"lazy\" decoding=\"async\" class=\"aligncenter size-medium wp-image-71073\" src=\"http:\/\/www.sudoestehoje.com.br\/novoportal\/wp-content\/uploads\/2018\/03\/b-1-1-500x333.jpg\" alt=\"\" width=\"500\" height=\"333\" srcset=\"https:\/\/www.sudoestehoje.com.br\/novoportal\/wp-content\/uploads\/2018\/03\/b-1-1-500x333.jpg 500w, https:\/\/www.sudoestehoje.com.br\/novoportal\/wp-content\/uploads\/2018\/03\/b-1-1-768x511.jpg 768w, https:\/\/www.sudoestehoje.com.br\/novoportal\/wp-content\/uploads\/2018\/03\/b-1-1-700x466.jpg 700w, https:\/\/www.sudoestehoje.com.br\/novoportal\/wp-content\/uploads\/2018\/03\/b-1-1.jpg 960w\" sizes=\"auto, (max-width: 500px) 100vw, 500px\" \/><\/a>Em mais uma demonstra\u00e7\u00e3o de for\u00e7a, o Partido Social Democr\u00e1tico (PSD), liderado na Bahia pelo senador Otto Alencar, e em Jequi\u00e9, pelo deputado federal Antonio Brito, reuniu cerca de 2000 pessoas, na manh\u00e3 desta sexta-feira (23), no Encontro Regional da legenda no munic\u00edpio, realizado no sal\u00e3o de eventos do Jequi\u00e9 T\u00eanis Club.\u00a0Com a presen\u00e7a de importantes dirigentes e pol\u00edticos da sigla, o encontro agregou prefeitos, vice-prefeitos, vereadores e lideran\u00e7as pol\u00edticas e sociais de 31 munic\u00edpios baianos.<\/p>\n<p><a href=\"http:\/\/www.sudoestehoje.com.br\/novoportal\/wp-content\/uploads\/2018\/03\/b-2-1.jpg\"><img loading=\"lazy\" decoding=\"async\" class=\"aligncenter size-medium wp-image-71074\" src=\"http:\/\/www.sudoestehoje.com.br\/novoportal\/wp-content\/uploads\/2018\/03\/b-2-1-500x375.jpg\" alt=\"\" width=\"500\" height=\"375\" srcset=\"https:\/\/www.sudoestehoje.com.br\/novoportal\/wp-content\/uploads\/2018\/03\/b-2-1-500x375.jpg 500w, https:\/\/www.sudoestehoje.com.br\/novoportal\/wp-content\/uploads\/2018\/03\/b-2-1-768x576.jpg 768w, https:\/\/www.sudoestehoje.com.br\/novoportal\/wp-content\/uploads\/2018\/03\/b-2-1-700x525.jpg 700w, https:\/\/www.sudoestehoje.com.br\/novoportal\/wp-content\/uploads\/2018\/03\/b-2-1.jpg 854w\" sizes=\"auto, (max-width: 500px) 100vw, 500px\" \/><\/a><\/p>\n<p>Durante o evento, que foi marcado pela filia\u00e7\u00e3o do vice-prefeito de Jequi\u00e9, Hassan, foram debatidos os rumos do PSD no Estado, o fortalecimento da sigla nas regi\u00f5es sudoeste e sudeste, a nova reforma pol\u00edtica e o incentivo a participa\u00e7\u00e3o da mulher e do jovem na pol\u00edtica.<\/p>\n<p>Em seu pronunciamento, o senador Otto Alencar destacou a import\u00e2ncia do evento &#8220;Foi emocionante. Uma alegria muito grande realizar este evento em Jequi\u00e9, que \u00e9 uma cidade polo, de muita relev\u00e2ncia, com a discuss\u00e3o de problemas brasileiros e de Jequi\u00e9&#8221;.<\/p>\n<p><a href=\"http:\/\/www.sudoestehoje.com.br\/novoportal\/wp-content\/uploads\/2018\/03\/b-3-1.jpg\"><img loading=\"lazy\" decoding=\"async\" class=\"aligncenter size-medium wp-image-71075\" src=\"http:\/\/www.sudoestehoje.com.br\/novoportal\/wp-content\/uploads\/2018\/03\/b-3-1-500x375.jpg\" alt=\"\" width=\"500\" height=\"375\" srcset=\"https:\/\/www.sudoestehoje.com.br\/novoportal\/wp-content\/uploads\/2018\/03\/b-3-1-500x375.jpg 500w, https:\/\/www.sudoestehoje.com.br\/novoportal\/wp-content\/uploads\/2018\/03\/b-3-1-768x576.jpg 768w, https:\/\/www.sudoestehoje.com.br\/novoportal\/wp-content\/uploads\/2018\/03\/b-3-1-700x525.jpg 700w, https:\/\/www.sudoestehoje.com.br\/novoportal\/wp-content\/uploads\/2018\/03\/b-3-1.jpg 854w\" sizes=\"auto, (max-width: 500px) 100vw, 500px\" \/><\/a><\/p>\n<p>Por sua vez, Antonio Brito, deputado federal que obteve a maior vota\u00e7\u00e3o em elei\u00e7\u00f5es proporcionais em Jequi\u00e9, com cerca de 50% dos votos v\u00e1lidos, destacou: &#8220;O sucesso deste evento demonstra que o partido continua avan\u00e7ando fortemente em importantes regi\u00f5es da Bahia, debatendo e fortalecendo as nossas bases&#8221;, afirmou. Tamb\u00e9m estiveram presentes no encontro o deputado federal Paulo Magalh\u00e3es, os deputados estaduais Ivana Bastos e Carlos Ubaldino. \/\/<strong><em>Ascom<\/em><\/strong><\/p>\n","protected":false},"excerpt":{"rendered":"<p>Em mais uma demonstra\u00e7\u00e3o de for\u00e7a, o Partido Social Democr\u00e1tico (PSD), liderado na Bahia pelo senador Otto Alencar, e em Jequi\u00e9, pelo deputado federal Antonio Brito, reuniu cerca de 2000 pessoas, na manh\u00e3 desta sexta-feira (23), no Encontro Regional da legenda no munic\u00edpio, realizado no sal\u00e3o de eventos do Jequi\u00e9 T\u00eanis Club.\u00a0Com a presen\u00e7a de [&hellip;]<\/p>\n","protected":false},"author":2,"featured_media":71070,"comment_status":"open","ping_status":"open","sticky":false,"template":"","format":"standard","meta":{"footnotes":"","_links_to":"","_links_to_target":""},"categories":[1],"tags":[],"class_list":["post-71069","post","type-post","status-publish","format-standard","has-post-thumbnail","hentry","category-geral"],"views":1272,"_links":{"self":[{"href":"https:\/\/www.sudoestehoje.com.br\/novoportal\/wp-json\/wp\/v2\/posts\/71069","targetHints":{"allow":["GET"]}}],"collection":[{"href":"https:\/\/www.sudoestehoje.com.br\/novoportal\/wp-json\/wp\/v2\/posts"}],"about":[{"href":"https:\/\/www.sudoestehoje.com.br\/novoportal\/wp-json\/wp\/v2\/types\/post"}],"author":[{"embeddable":true,"href":"https:\/\/www.sudoestehoje.com.br\/novoportal\/wp-json\/wp\/v2\/users\/2"}],"replies":[{"embeddable":true,"href":"https:\/\/www.sudoestehoje.com.br\/novoportal\/wp-json\/wp\/v2\/comments?post=71069"}],"version-history":[{"count":2,"href":"https:\/\/www.sudoestehoje.com.br\/novoportal\/wp-json\/wp\/v2\/posts\/71069\/revisions"}],"predecessor-version":[{"id":71077,"href":"https:\/\/www.sudoestehoje.com.br\/novoportal\/wp-json\/wp\/v2\/posts\/71069\/revisions\/71077"}],"wp:featuredmedia":[{"embeddable":true,"href":"https:\/\/www.sudoestehoje.com.br\/novoportal\/wp-json\/wp\/v2\/media\/71070"}],"wp:attachment":[{"href":"https:\/\/www.sudoestehoje.com.br\/novoportal\/wp-json\/wp\/v2\/media?parent=71069"}],"wp:term":[{"taxonomy":"category","embeddable":true,"href":"https:\/\/www.sudoestehoje.com.br\/novoportal\/wp-json\/wp\/v2\/categories?post=71069"},{"taxonomy":"post_tag","embeddable":true,"href":"https:\/\/www.sudoestehoje.com.br\/novoportal\/wp-json\/wp\/v2\/tags?post=71069"}],"curies":[{"name":"wp","href":"https:\/\/api.w.org\/{rel}","templated":true}]}}