
{"id":71042,"date":"2018-03-22T19:54:44","date_gmt":"2018-03-22T22:54:44","guid":{"rendered":"http:\/\/www.sudoestehoje.com.br\/novoportal\/?p=71042"},"modified":"2018-03-22T19:54:44","modified_gmt":"2018-03-22T22:54:44","slug":"lula-se-livra-da-prisao-no-stf-ate-que-habeas-corpus-seja-julgado-em-4-de-abril","status":"publish","type":"post","link":"https:\/\/www.sudoestehoje.com.br\/novoportal\/2018\/03\/22\/lula-se-livra-da-prisao-no-stf-ate-que-habeas-corpus-seja-julgado-em-4-de-abril\/","title":{"rendered":"LULA SE LIVRA DA PRIS\u00c3O NO STF AT\u00c9 QUE HABEAS CORPUS SEJA JULGADO EM 4 DE ABRIL"},"content":{"rendered":"<p><a href=\"http:\/\/www.sudoestehoje.com.br\/novoportal\/wp-content\/uploads\/2018\/03\/HC-LULA.jpg\"><img loading=\"lazy\" decoding=\"async\" class=\"aligncenter size-medium wp-image-71046\" src=\"http:\/\/www.sudoestehoje.com.br\/novoportal\/wp-content\/uploads\/2018\/03\/HC-LULA-500x333.jpg\" alt=\"\" width=\"500\" height=\"333\" srcset=\"https:\/\/www.sudoestehoje.com.br\/novoportal\/wp-content\/uploads\/2018\/03\/HC-LULA-500x333.jpg 500w, https:\/\/www.sudoestehoje.com.br\/novoportal\/wp-content\/uploads\/2018\/03\/HC-LULA-768x512.jpg 768w, https:\/\/www.sudoestehoje.com.br\/novoportal\/wp-content\/uploads\/2018\/03\/HC-LULA-700x467.jpg 700w, https:\/\/www.sudoestehoje.com.br\/novoportal\/wp-content\/uploads\/2018\/03\/HC-LULA.jpg 1024w\" sizes=\"auto, (max-width: 500px) 100vw, 500px\" \/><\/a><\/p>\n<p>O Supremo Tribunal Federal (STF) decidiu adiar para o dia 4 de abril o julgamento do m\u00e9rito do habeas corpus preventivo do ex-presidente Luiz In\u00e1cio Lula da Silva, que pode adiar o cumprimento da pena de 12 anos e 1 m\u00eas definida pelo Tribunal Regional Federal da 4\u00aa Regi\u00e3o.<\/p>\n<p>Com a decis\u00e3o do STF, mesmo que haja a finaliza\u00e7\u00e3o do julgamento dos embargos no TRF-4 na pr\u00f3xima segunda-feira (26), Lula n\u00e3o poder\u00e1 ser preso at\u00e9 que a Suprema Corte decida se o habeas corpus ser\u00e1 v\u00e1lido ou n\u00e3o.<\/p>\n<p>O julgamento contraria o relator do ministro Edson Fachin, que defende o cumprimento da pris\u00e3o a partir de condena\u00e7\u00e3o em segunda inst\u00e2ncia. O placar definitivo ainda n\u00e3o ficou definido, por\u00e9m, com a vota\u00e7\u00e3o desta quinta-feira (22), o ex-presidente Lula ficar\u00e1 em liberdade at\u00e9 que o STF decida se a condena\u00e7\u00e3o do TRF-4 deve ser cumprida imediatamente.<\/p>\n","protected":false},"excerpt":{"rendered":"<p>O Supremo Tribunal Federal (STF) decidiu adiar para o dia 4 de abril o julgamento do m\u00e9rito do habeas corpus preventivo do ex-presidente Luiz In\u00e1cio Lula da Silva, que pode adiar o cumprimento da pena de 12 anos e 1 m\u00eas definida pelo Tribunal Regional Federal da 4\u00aa Regi\u00e3o. Com a decis\u00e3o do STF, mesmo [&hellip;]<\/p>\n","protected":false},"author":2,"featured_media":71046,"comment_status":"open","ping_status":"open","sticky":false,"template":"","format":"standard","meta":{"footnotes":"","_links_to":"","_links_to_target":""},"categories":[1],"tags":[],"class_list":["post-71042","post","type-post","status-publish","format-standard","has-post-thumbnail","hentry","category-geral"],"views":1237,"_links":{"self":[{"href":"https:\/\/www.sudoestehoje.com.br\/novoportal\/wp-json\/wp\/v2\/posts\/71042","targetHints":{"allow":["GET"]}}],"collection":[{"href":"https:\/\/www.sudoestehoje.com.br\/novoportal\/wp-json\/wp\/v2\/posts"}],"about":[{"href":"https:\/\/www.sudoestehoje.com.br\/novoportal\/wp-json\/wp\/v2\/types\/post"}],"author":[{"embeddable":true,"href":"https:\/\/www.sudoestehoje.com.br\/novoportal\/wp-json\/wp\/v2\/users\/2"}],"replies":[{"embeddable":true,"href":"https:\/\/www.sudoestehoje.com.br\/novoportal\/wp-json\/wp\/v2\/comments?post=71042"}],"version-history":[{"count":4,"href":"https:\/\/www.sudoestehoje.com.br\/novoportal\/wp-json\/wp\/v2\/posts\/71042\/revisions"}],"predecessor-version":[{"id":71047,"href":"https:\/\/www.sudoestehoje.com.br\/novoportal\/wp-json\/wp\/v2\/posts\/71042\/revisions\/71047"}],"wp:featuredmedia":[{"embeddable":true,"href":"https:\/\/www.sudoestehoje.com.br\/novoportal\/wp-json\/wp\/v2\/media\/71046"}],"wp:attachment":[{"href":"https:\/\/www.sudoestehoje.com.br\/novoportal\/wp-json\/wp\/v2\/media?parent=71042"}],"wp:term":[{"taxonomy":"category","embeddable":true,"href":"https:\/\/www.sudoestehoje.com.br\/novoportal\/wp-json\/wp\/v2\/categories?post=71042"},{"taxonomy":"post_tag","embeddable":true,"href":"https:\/\/www.sudoestehoje.com.br\/novoportal\/wp-json\/wp\/v2\/tags?post=71042"}],"curies":[{"name":"wp","href":"https:\/\/api.w.org\/{rel}","templated":true}]}}