
{"id":71030,"date":"2018-03-21T01:57:31","date_gmt":"2018-03-21T04:57:31","guid":{"rendered":"http:\/\/www.sudoestehoje.com.br\/novoportal\/?p=71030"},"modified":"2018-03-21T01:57:31","modified_gmt":"2018-03-21T04:57:31","slug":"pt-nao-quer-tiquinho-e-romildo-no-palanque-de-rui","status":"publish","type":"post","link":"https:\/\/www.sudoestehoje.com.br\/novoportal\/2018\/03\/21\/pt-nao-quer-tiquinho-e-romildo-no-palanque-de-rui\/","title":{"rendered":"PT N\u00c3O QUER TIQUINHO E ROMILDO NO PALANQUE DE RUI"},"content":{"rendered":"<p><a href=\"http:\/\/www.sudoestehoje.com.br\/novoportal\/wp-content\/uploads\/2018\/03\/tiquinho-rui-romildo.jpg\"><img loading=\"lazy\" decoding=\"async\" class=\"aligncenter  wp-image-71031\" src=\"http:\/\/www.sudoestehoje.com.br\/novoportal\/wp-content\/uploads\/2018\/03\/tiquinho-rui-romildo-500x281.jpg\" alt=\"\" width=\"233\" height=\"131\" srcset=\"https:\/\/www.sudoestehoje.com.br\/novoportal\/wp-content\/uploads\/2018\/03\/tiquinho-rui-romildo-500x281.jpg 500w, https:\/\/www.sudoestehoje.com.br\/novoportal\/wp-content\/uploads\/2018\/03\/tiquinho-rui-romildo.jpg 768w, https:\/\/www.sudoestehoje.com.br\/novoportal\/wp-content\/uploads\/2018\/03\/tiquinho-rui-romildo-700x394.jpg 700w\" sizes=\"auto, (max-width: 233px) 100vw, 233px\" \/><\/a><\/p>\n<p>Um petista de carteirinha me revelou que a maior m\u00e1goa do deputado Rosemberg (PT) \u00e9 com o grupo de Tiquinho, que conta com os vereadores Romildo e Vardeir. Foram eles, segundo o petista, que infernizaram Z\u00e9 Carlos para n\u00e3o aceitar o PT em seu palanque, nas elei\u00e7\u00f5es municipais de 2016. Agora, com o comando do grupo governista em suas m\u00e3os, Rosemberg promete dar uma &#8216;pisa&#8217; na ala &#8216;romildista&#8217;, impedindo o acesso do grupo ao palanque de Rui, em Itapetinga e regi\u00e3o. Romildo, que \u00e9 do tempo da Jovem Guarda, vai pedir socorro a Roberto Carlos. Tiquinho vai na ponga.<\/p>\n","protected":false},"excerpt":{"rendered":"<p>Um petista de carteirinha me revelou que a maior m\u00e1goa do deputado Rosemberg (PT) \u00e9 com o grupo de Tiquinho, que conta com os vereadores Romildo e Vardeir. Foram eles, segundo o petista, que infernizaram Z\u00e9 Carlos para n\u00e3o aceitar o PT em seu palanque, nas elei\u00e7\u00f5es municipais de 2016. Agora, com o comando do [&hellip;]<\/p>\n","protected":false},"author":2,"featured_media":71031,"comment_status":"open","ping_status":"open","sticky":false,"template":"","format":"standard","meta":{"footnotes":"","_links_to":"","_links_to_target":""},"categories":[11],"tags":[],"class_list":["post-71030","post","type-post","status-publish","format-standard","has-post-thumbnail","hentry","category-quentinhas"],"views":1475,"_links":{"self":[{"href":"https:\/\/www.sudoestehoje.com.br\/novoportal\/wp-json\/wp\/v2\/posts\/71030","targetHints":{"allow":["GET"]}}],"collection":[{"href":"https:\/\/www.sudoestehoje.com.br\/novoportal\/wp-json\/wp\/v2\/posts"}],"about":[{"href":"https:\/\/www.sudoestehoje.com.br\/novoportal\/wp-json\/wp\/v2\/types\/post"}],"author":[{"embeddable":true,"href":"https:\/\/www.sudoestehoje.com.br\/novoportal\/wp-json\/wp\/v2\/users\/2"}],"replies":[{"embeddable":true,"href":"https:\/\/www.sudoestehoje.com.br\/novoportal\/wp-json\/wp\/v2\/comments?post=71030"}],"version-history":[{"count":1,"href":"https:\/\/www.sudoestehoje.com.br\/novoportal\/wp-json\/wp\/v2\/posts\/71030\/revisions"}],"predecessor-version":[{"id":71032,"href":"https:\/\/www.sudoestehoje.com.br\/novoportal\/wp-json\/wp\/v2\/posts\/71030\/revisions\/71032"}],"wp:featuredmedia":[{"embeddable":true,"href":"https:\/\/www.sudoestehoje.com.br\/novoportal\/wp-json\/wp\/v2\/media\/71031"}],"wp:attachment":[{"href":"https:\/\/www.sudoestehoje.com.br\/novoportal\/wp-json\/wp\/v2\/media?parent=71030"}],"wp:term":[{"taxonomy":"category","embeddable":true,"href":"https:\/\/www.sudoestehoje.com.br\/novoportal\/wp-json\/wp\/v2\/categories?post=71030"},{"taxonomy":"post_tag","embeddable":true,"href":"https:\/\/www.sudoestehoje.com.br\/novoportal\/wp-json\/wp\/v2\/tags?post=71030"}],"curies":[{"name":"wp","href":"https:\/\/api.w.org\/{rel}","templated":true}]}}