
{"id":7103,"date":"2011-07-31T16:52:09","date_gmt":"2011-07-31T19:52:09","guid":{"rendered":"http:\/\/www.sudoestehoje.com.br\/novoportal\/?p=7103"},"modified":"2011-07-31T16:52:09","modified_gmt":"2011-07-31T19:52:09","slug":"lapide-misteriosa-preve-fim-do-mundo-em-2012","status":"publish","type":"post","link":"https:\/\/www.sudoestehoje.com.br\/novoportal\/2011\/07\/31\/lapide-misteriosa-preve-fim-do-mundo-em-2012\/","title":{"rendered":"L\u00c1PIDE MISTERIOSA PREV\u00ca FIM DO MUNDO EM 2012"},"content":{"rendered":"<p style=\"text-align: center;\"><img loading=\"lazy\" decoding=\"async\" src=\"http:\/\/www.bahianoticias.com.br\/fotos\/editor\/Image\/380X280\/31072011_lapide_1976-2012_sherman%20oaks_foto-reproducao_ktla.jpg\" alt=\"\" width=\"380\" height=\"280\" \/><br \/>\n<em><strong>T\u00famulo em m\u00e1rmore indica que Jeffrey Lang viveu de 1976 a 2012, ano do armageddon, segundo os maias<\/strong><\/em><\/p>\n<p>Um parque em Sherman Oaks, distrito de Los Angeles (EUA), tem atra\u00eddo a aten\u00e7\u00e3o de curiosos ap\u00f3s o surgimento de uma l\u00e1pide \u201cfuturista\u201d. No t\u00famulo, em m\u00e1rmore, consta a inscri\u00e7\u00e3o Jeffrey Lang 1976-2012, ano indicado pela civiliza\u00e7\u00e3o maia como o fim dos tempos, o que tem intrigado os moradores, de acordo com a rede de TV KTLA. &#8220;A l\u00e1pide diz que a pessoa morreu em 2012, mas n\u00e3o \u00e9 2012 ainda. Ent\u00e3o, acho que \u00e9 algum tipo de brincadeira sobre o fim do mundo&#8221;, contou uma residente na \u00e1rea. Conforme a emissora, a tumba foi vista pela primeira vez na semana passada.<\/p>\n","protected":false},"excerpt":{"rendered":"<p>T\u00famulo em m\u00e1rmore indica que Jeffrey Lang viveu de 1976 a 2012, ano do armageddon, segundo os maias Um parque em Sherman Oaks, distrito de Los Angeles (EUA), tem atra\u00eddo a aten\u00e7\u00e3o de curiosos ap\u00f3s o surgimento de uma l\u00e1pide \u201cfuturista\u201d. No t\u00famulo, em m\u00e1rmore, consta a inscri\u00e7\u00e3o Jeffrey Lang 1976-2012, ano indicado pela civiliza\u00e7\u00e3o [&hellip;]<\/p>\n","protected":false},"author":2,"featured_media":0,"comment_status":"open","ping_status":"open","sticky":false,"template":"","format":"standard","meta":{"footnotes":"","_links_to":"","_links_to_target":""},"categories":[1],"tags":[],"class_list":["post-7103","post","type-post","status-publish","format-standard","hentry","category-geral"],"views":1298,"_links":{"self":[{"href":"https:\/\/www.sudoestehoje.com.br\/novoportal\/wp-json\/wp\/v2\/posts\/7103","targetHints":{"allow":["GET"]}}],"collection":[{"href":"https:\/\/www.sudoestehoje.com.br\/novoportal\/wp-json\/wp\/v2\/posts"}],"about":[{"href":"https:\/\/www.sudoestehoje.com.br\/novoportal\/wp-json\/wp\/v2\/types\/post"}],"author":[{"embeddable":true,"href":"https:\/\/www.sudoestehoje.com.br\/novoportal\/wp-json\/wp\/v2\/users\/2"}],"replies":[{"embeddable":true,"href":"https:\/\/www.sudoestehoje.com.br\/novoportal\/wp-json\/wp\/v2\/comments?post=7103"}],"version-history":[{"count":3,"href":"https:\/\/www.sudoestehoje.com.br\/novoportal\/wp-json\/wp\/v2\/posts\/7103\/revisions"}],"predecessor-version":[{"id":7106,"href":"https:\/\/www.sudoestehoje.com.br\/novoportal\/wp-json\/wp\/v2\/posts\/7103\/revisions\/7106"}],"wp:attachment":[{"href":"https:\/\/www.sudoestehoje.com.br\/novoportal\/wp-json\/wp\/v2\/media?parent=7103"}],"wp:term":[{"taxonomy":"category","embeddable":true,"href":"https:\/\/www.sudoestehoje.com.br\/novoportal\/wp-json\/wp\/v2\/categories?post=7103"},{"taxonomy":"post_tag","embeddable":true,"href":"https:\/\/www.sudoestehoje.com.br\/novoportal\/wp-json\/wp\/v2\/tags?post=7103"}],"curies":[{"name":"wp","href":"https:\/\/api.w.org\/{rel}","templated":true}]}}