
{"id":71026,"date":"2018-03-21T01:38:49","date_gmt":"2018-03-21T04:38:49","guid":{"rendered":"http:\/\/www.sudoestehoje.com.br\/novoportal\/?p=71026"},"modified":"2018-03-21T01:38:49","modified_gmt":"2018-03-21T04:38:49","slug":"fabrica-de-itambe-nao-sai","status":"publish","type":"post","link":"https:\/\/www.sudoestehoje.com.br\/novoportal\/2018\/03\/21\/fabrica-de-itambe-nao-sai\/","title":{"rendered":"F\u00c1BRICA DE ITAMB\u00c9 N\u00c3O SAI"},"content":{"rendered":"<p><a href=\"http:\/\/www.sudoestehoje.com.br\/novoportal\/wp-content\/uploads\/2018\/03\/fabrica-itamb\u00e9.jpeg\"><img loading=\"lazy\" decoding=\"async\" class=\"aligncenter  wp-image-71027\" src=\"http:\/\/www.sudoestehoje.com.br\/novoportal\/wp-content\/uploads\/2018\/03\/fabrica-itamb\u00e9-500x448.jpeg\" alt=\"\" width=\"232\" height=\"208\" srcset=\"https:\/\/www.sudoestehoje.com.br\/novoportal\/wp-content\/uploads\/2018\/03\/fabrica-itamb\u00e9-500x448.jpeg 500w, https:\/\/www.sudoestehoje.com.br\/novoportal\/wp-content\/uploads\/2018\/03\/fabrica-itamb\u00e9-768x689.jpeg 768w, https:\/\/www.sudoestehoje.com.br\/novoportal\/wp-content\/uploads\/2018\/03\/fabrica-itamb\u00e9-700x628.jpeg 700w, https:\/\/www.sudoestehoje.com.br\/novoportal\/wp-content\/uploads\/2018\/03\/fabrica-itamb\u00e9.jpeg 1024w\" sizes=\"auto, (max-width: 232px) 100vw, 232px\" \/><\/a><\/p>\n<p>Desde o ano passado, um deputado petiata da regi\u00e3o vem prometendo uma nova f\u00e1brica de cal\u00e7ados para a cidade de Itamb\u00e9, sem nada conseguir. O prefeito Eduardo Gama botou f\u00e9 no seu aliado petista, depois que ele o levou ao ex-governador Jaques Wagner, outro vaselina com doutorado na arte da promessa e da embroma\u00e7\u00e3o, para confirmar a nova ind\u00fastria no munic\u00edpio. Resultado: Wagner sai do governo daqui a duas semanas e nada de f\u00e1brica. Para piorar, um preposto da empresa me garantiu que vai instalar apenas um galp\u00e3o em Macarani, e que a pretendida f\u00e1brica para Itamb\u00e9 est\u00e1 fora de cogita\u00e7\u00e3o. Dizem que o dito deputado tem a maior &#8216;urucubaca&#8217; da regi\u00e3o. Z\u00e9 Carlos que o diga.<\/p>\n","protected":false},"excerpt":{"rendered":"<p>Desde o ano passado, um deputado petiata da regi\u00e3o vem prometendo uma nova f\u00e1brica de cal\u00e7ados para a cidade de Itamb\u00e9, sem nada conseguir. O prefeito Eduardo Gama botou f\u00e9 no seu aliado petista, depois que ele o levou ao ex-governador Jaques Wagner, outro vaselina com doutorado na arte da promessa e da embroma\u00e7\u00e3o, para [&hellip;]<\/p>\n","protected":false},"author":2,"featured_media":71027,"comment_status":"open","ping_status":"open","sticky":false,"template":"","format":"standard","meta":{"footnotes":"","_links_to":"","_links_to_target":""},"categories":[11],"tags":[],"class_list":["post-71026","post","type-post","status-publish","format-standard","has-post-thumbnail","hentry","category-quentinhas"],"views":1434,"_links":{"self":[{"href":"https:\/\/www.sudoestehoje.com.br\/novoportal\/wp-json\/wp\/v2\/posts\/71026","targetHints":{"allow":["GET"]}}],"collection":[{"href":"https:\/\/www.sudoestehoje.com.br\/novoportal\/wp-json\/wp\/v2\/posts"}],"about":[{"href":"https:\/\/www.sudoestehoje.com.br\/novoportal\/wp-json\/wp\/v2\/types\/post"}],"author":[{"embeddable":true,"href":"https:\/\/www.sudoestehoje.com.br\/novoportal\/wp-json\/wp\/v2\/users\/2"}],"replies":[{"embeddable":true,"href":"https:\/\/www.sudoestehoje.com.br\/novoportal\/wp-json\/wp\/v2\/comments?post=71026"}],"version-history":[{"count":1,"href":"https:\/\/www.sudoestehoje.com.br\/novoportal\/wp-json\/wp\/v2\/posts\/71026\/revisions"}],"predecessor-version":[{"id":71029,"href":"https:\/\/www.sudoestehoje.com.br\/novoportal\/wp-json\/wp\/v2\/posts\/71026\/revisions\/71029"}],"wp:featuredmedia":[{"embeddable":true,"href":"https:\/\/www.sudoestehoje.com.br\/novoportal\/wp-json\/wp\/v2\/media\/71027"}],"wp:attachment":[{"href":"https:\/\/www.sudoestehoje.com.br\/novoportal\/wp-json\/wp\/v2\/media?parent=71026"}],"wp:term":[{"taxonomy":"category","embeddable":true,"href":"https:\/\/www.sudoestehoje.com.br\/novoportal\/wp-json\/wp\/v2\/categories?post=71026"},{"taxonomy":"post_tag","embeddable":true,"href":"https:\/\/www.sudoestehoje.com.br\/novoportal\/wp-json\/wp\/v2\/tags?post=71026"}],"curies":[{"name":"wp","href":"https:\/\/api.w.org\/{rel}","templated":true}]}}