
{"id":71022,"date":"2018-03-21T01:15:22","date_gmt":"2018-03-21T04:15:22","guid":{"rendered":"http:\/\/www.sudoestehoje.com.br\/novoportal\/?p=71022"},"modified":"2018-03-21T01:16:28","modified_gmt":"2018-03-21T04:16:28","slug":"lucio-ta-descartado","status":"publish","type":"post","link":"https:\/\/www.sudoestehoje.com.br\/novoportal\/2018\/03\/21\/lucio-ta-descartado\/","title":{"rendered":"L\u00daCIO T\u00c1 DESCARTADO?"},"content":{"rendered":"<p><a href=\"http:\/\/www.sudoestehoje.com.br\/novoportal\/wp-content\/uploads\/2018\/03\/l\u00facio-e-herzem.jpg\"><img loading=\"lazy\" decoding=\"async\" class=\"aligncenter wp-image-71023\" src=\"http:\/\/www.sudoestehoje.com.br\/novoportal\/wp-content\/uploads\/2018\/03\/l\u00facio-e-herzem.jpg\" alt=\"\" width=\"232\" height=\"235\" \/><\/a><\/p>\n<p>Devido ao desgaste do caso Geddel, a candidatura do deputado L\u00facio Vieira Lima (MDB) passou a ser questionada Bahia afora, inclusive em Itapetinga, e logo apareceram in\u00fameros pretendentes a preencher o suposto v\u00e1cuo deixado pelo deputado, mas nada est\u00e1 definido. Com o fim das turbul\u00eancias, L\u00facio volta a tomar f\u00f4lego e pode sim ser o candidato do MDB em Itapetinga, a exemplo do que est\u00e1 acontecendo em Conquista, onde o prefeito Herzem Gusm\u00e3o j\u00e1 declarou seu total apoio ao gordinho. No auge da crise, um peemedebista de alta patente me disse: <em>&#8220;Daqui at\u00e9 as elei\u00e7\u00f5es \u00e9 um caminho muito longo. Melhor mesmo \u00e9 esperar, at\u00e9 que as \u00e1guas se acalmem&#8221;.<\/em><\/p>\n","protected":false},"excerpt":{"rendered":"<p>Devido ao desgaste do caso Geddel, a candidatura do deputado L\u00facio Vieira Lima (MDB) passou a ser questionada Bahia afora, inclusive em Itapetinga, e logo apareceram in\u00fameros pretendentes a preencher o suposto v\u00e1cuo deixado pelo deputado, mas nada est\u00e1 definido. Com o fim das turbul\u00eancias, L\u00facio volta a tomar f\u00f4lego e pode sim ser o [&hellip;]<\/p>\n","protected":false},"author":2,"featured_media":71023,"comment_status":"open","ping_status":"open","sticky":false,"template":"","format":"standard","meta":{"footnotes":"","_links_to":"","_links_to_target":""},"categories":[11],"tags":[],"class_list":["post-71022","post","type-post","status-publish","format-standard","has-post-thumbnail","hentry","category-quentinhas"],"views":1375,"_links":{"self":[{"href":"https:\/\/www.sudoestehoje.com.br\/novoportal\/wp-json\/wp\/v2\/posts\/71022","targetHints":{"allow":["GET"]}}],"collection":[{"href":"https:\/\/www.sudoestehoje.com.br\/novoportal\/wp-json\/wp\/v2\/posts"}],"about":[{"href":"https:\/\/www.sudoestehoje.com.br\/novoportal\/wp-json\/wp\/v2\/types\/post"}],"author":[{"embeddable":true,"href":"https:\/\/www.sudoestehoje.com.br\/novoportal\/wp-json\/wp\/v2\/users\/2"}],"replies":[{"embeddable":true,"href":"https:\/\/www.sudoestehoje.com.br\/novoportal\/wp-json\/wp\/v2\/comments?post=71022"}],"version-history":[{"count":2,"href":"https:\/\/www.sudoestehoje.com.br\/novoportal\/wp-json\/wp\/v2\/posts\/71022\/revisions"}],"predecessor-version":[{"id":71025,"href":"https:\/\/www.sudoestehoje.com.br\/novoportal\/wp-json\/wp\/v2\/posts\/71022\/revisions\/71025"}],"wp:featuredmedia":[{"embeddable":true,"href":"https:\/\/www.sudoestehoje.com.br\/novoportal\/wp-json\/wp\/v2\/media\/71023"}],"wp:attachment":[{"href":"https:\/\/www.sudoestehoje.com.br\/novoportal\/wp-json\/wp\/v2\/media?parent=71022"}],"wp:term":[{"taxonomy":"category","embeddable":true,"href":"https:\/\/www.sudoestehoje.com.br\/novoportal\/wp-json\/wp\/v2\/categories?post=71022"},{"taxonomy":"post_tag","embeddable":true,"href":"https:\/\/www.sudoestehoje.com.br\/novoportal\/wp-json\/wp\/v2\/tags?post=71022"}],"curies":[{"name":"wp","href":"https:\/\/api.w.org\/{rel}","templated":true}]}}