
{"id":71003,"date":"2018-03-20T19:33:03","date_gmt":"2018-03-20T22:33:03","guid":{"rendered":"http:\/\/www.sudoestehoje.com.br\/novoportal\/?p=71003"},"modified":"2018-03-20T19:33:03","modified_gmt":"2018-03-20T22:33:03","slug":"trf-4-marca-julgamento-de-recurso-de-lula-para-a-proxima-segunda-prisao-e-iminente","status":"publish","type":"post","link":"https:\/\/www.sudoestehoje.com.br\/novoportal\/2018\/03\/20\/trf-4-marca-julgamento-de-recurso-de-lula-para-a-proxima-segunda-prisao-e-iminente\/","title":{"rendered":"TRF-4 MARCA JULGAMENTO DE RECURSO DE LULA PARA A PR\u00d3XIMA SEGUNDA; PRIS\u00c3O \u00c9 IMINENTE"},"content":{"rendered":"<p><a href=\"http:\/\/www.sudoestehoje.com.br\/novoportal\/wp-content\/uploads\/2018\/03\/lula-trf.jpg\"><img loading=\"lazy\" decoding=\"async\" class=\"aligncenter size-medium wp-image-71004\" src=\"http:\/\/www.sudoestehoje.com.br\/novoportal\/wp-content\/uploads\/2018\/03\/lula-trf-500x379.jpg\" alt=\"\" width=\"500\" height=\"379\" srcset=\"https:\/\/www.sudoestehoje.com.br\/novoportal\/wp-content\/uploads\/2018\/03\/lula-trf-500x379.jpg 500w, https:\/\/www.sudoestehoje.com.br\/novoportal\/wp-content\/uploads\/2018\/03\/lula-trf-700x531.jpg 700w, https:\/\/www.sudoestehoje.com.br\/novoportal\/wp-content\/uploads\/2018\/03\/lula-trf.jpg 750w\" sizes=\"auto, (max-width: 500px) 100vw, 500px\" \/><\/a><\/p>\n<p>A data do julgamento dos embargos de declara\u00e7\u00e3o, \u00faltimo recurso do ex-presidente Luiz In\u00e1cio Lula da Silva no Tribunal Regional Federal da 4\u00aa Regi\u00e3o (TRF4), foi marcada para a pr\u00f3xima segunda-feira (26).<\/p>\n<p>Como os embargos de declara\u00e7\u00e3o n\u00e3o alteram a senten\u00e7a do TRF4, a pris\u00e3o do ex-presidente pode ser\u00a0confirmada, e caber\u00e1 a Sergio Moro a ordem final, que poder\u00e1 sair no mesmo dia.<\/p>\n<p>Correndo contra o tempo, a defesa de Lula pressiona ministros do STF a voltarem atr\u00e1s na decis\u00e3o que estabeleceu a pris\u00e3o dos condenados julgados em 2\u00aa inst\u00e2ncia, na tentativa desesperada de livrar da cadeia o ex-presidente.<\/p>\n<p>CARMEM L\u00daCIA N\u00c3O QUER PAUTAR<\/p>\n<p>Irredut\u00edvel, a ministra Carmem L\u00facia, presidente do STF, se nega em pautar o assunto, numa queda de bra\u00e7os sem precedentes, com seu colegas do Supremo, alguns deles declaradamente ligados a Lula e ao PT.<\/p>\n<p>Nos bastidores, a classe pol\u00edtica contaminada pela corrup\u00e7\u00e3o que se alastrou por todo o pa\u00eds, torce para tudo dar certo para Lula, na esperan\u00e7a de se beneficiarem, de tabela, da impunidade que pode vir de quem tem o dever constitucional de combat\u00ea-la, o Supremo Tribunal Federal.<\/p>\n<p><strong><em>Por Davi Ferraz<\/em><\/strong><\/p>\n","protected":false},"excerpt":{"rendered":"<p>A data do julgamento dos embargos de declara\u00e7\u00e3o, \u00faltimo recurso do ex-presidente Luiz In\u00e1cio Lula da Silva no Tribunal Regional Federal da 4\u00aa Regi\u00e3o (TRF4), foi marcada para a pr\u00f3xima segunda-feira (26). Como os embargos de declara\u00e7\u00e3o n\u00e3o alteram a senten\u00e7a do TRF4, a pris\u00e3o do ex-presidente pode ser\u00a0confirmada, e caber\u00e1 a Sergio Moro a [&hellip;]<\/p>\n","protected":false},"author":2,"featured_media":71004,"comment_status":"open","ping_status":"open","sticky":false,"template":"","format":"standard","meta":{"footnotes":"","_links_to":"","_links_to_target":""},"categories":[1],"tags":[],"class_list":["post-71003","post","type-post","status-publish","format-standard","has-post-thumbnail","hentry","category-geral"],"views":1044,"_links":{"self":[{"href":"https:\/\/www.sudoestehoje.com.br\/novoportal\/wp-json\/wp\/v2\/posts\/71003","targetHints":{"allow":["GET"]}}],"collection":[{"href":"https:\/\/www.sudoestehoje.com.br\/novoportal\/wp-json\/wp\/v2\/posts"}],"about":[{"href":"https:\/\/www.sudoestehoje.com.br\/novoportal\/wp-json\/wp\/v2\/types\/post"}],"author":[{"embeddable":true,"href":"https:\/\/www.sudoestehoje.com.br\/novoportal\/wp-json\/wp\/v2\/users\/2"}],"replies":[{"embeddable":true,"href":"https:\/\/www.sudoestehoje.com.br\/novoportal\/wp-json\/wp\/v2\/comments?post=71003"}],"version-history":[{"count":2,"href":"https:\/\/www.sudoestehoje.com.br\/novoportal\/wp-json\/wp\/v2\/posts\/71003\/revisions"}],"predecessor-version":[{"id":71006,"href":"https:\/\/www.sudoestehoje.com.br\/novoportal\/wp-json\/wp\/v2\/posts\/71003\/revisions\/71006"}],"wp:featuredmedia":[{"embeddable":true,"href":"https:\/\/www.sudoestehoje.com.br\/novoportal\/wp-json\/wp\/v2\/media\/71004"}],"wp:attachment":[{"href":"https:\/\/www.sudoestehoje.com.br\/novoportal\/wp-json\/wp\/v2\/media?parent=71003"}],"wp:term":[{"taxonomy":"category","embeddable":true,"href":"https:\/\/www.sudoestehoje.com.br\/novoportal\/wp-json\/wp\/v2\/categories?post=71003"},{"taxonomy":"post_tag","embeddable":true,"href":"https:\/\/www.sudoestehoje.com.br\/novoportal\/wp-json\/wp\/v2\/tags?post=71003"}],"curies":[{"name":"wp","href":"https:\/\/api.w.org\/{rel}","templated":true}]}}