
{"id":70999,"date":"2018-03-20T19:03:15","date_gmt":"2018-03-20T22:03:15","guid":{"rendered":"http:\/\/www.sudoestehoje.com.br\/novoportal\/?p=70999"},"modified":"2018-03-20T19:03:15","modified_gmt":"2018-03-20T22:03:15","slug":"apos-desinteresse-de-chineses-governo-adia-licitacao-da-ponte-salvador-itaparica","status":"publish","type":"post","link":"https:\/\/www.sudoestehoje.com.br\/novoportal\/2018\/03\/20\/apos-desinteresse-de-chineses-governo-adia-licitacao-da-ponte-salvador-itaparica\/","title":{"rendered":"AP\u00d3S DESINTERESSE DE CHINESES GOVERNO &#8216;ADIA&#8217; LICITA\u00c7\u00c3O DA PONTE SALVADOR &#8211; ITAPARICA"},"content":{"rendered":"<p><a href=\"http:\/\/www.sudoestehoje.com.br\/novoportal\/wp-content\/uploads\/2018\/03\/ponte-salvador-itaparica.jpg\"><img loading=\"lazy\" decoding=\"async\" class=\"aligncenter size-medium wp-image-71001\" src=\"http:\/\/www.sudoestehoje.com.br\/novoportal\/wp-content\/uploads\/2018\/03\/ponte-salvador-itaparica-500x350.jpg\" alt=\"\" width=\"500\" height=\"350\" srcset=\"https:\/\/www.sudoestehoje.com.br\/novoportal\/wp-content\/uploads\/2018\/03\/ponte-salvador-itaparica-500x350.jpg 500w, https:\/\/www.sudoestehoje.com.br\/novoportal\/wp-content\/uploads\/2018\/03\/ponte-salvador-itaparica.jpg 600w\" sizes=\"auto, (max-width: 500px) 100vw, 500px\" \/><\/a><\/p>\n<p>Depois de os\u00a0<a href=\"http:\/\/bahia.ba\/politica\/chineses-condicionam-construcao-da-ponte-a-resultado-da-eleicao\/\" target=\"_blank\" rel=\"noopener noreferrer\">chineses condicionarem<\/a>\u00a0a participa\u00e7\u00e3o no preg\u00e3o ao resultado das elei\u00e7\u00f5es na Bahia, o governo do Estado decidiu adiar o lan\u00e7amento da licita\u00e7\u00e3o para ap\u00f3s o pleito. A informa\u00e7\u00e3o foi confirmada pelo pr\u00f3prio vice-governador, Jo\u00e3o Le\u00e3o (PP), na noite desta segunda-feira (19).<\/p>\n<p>Em entrevista \u00e0 r\u00e1dio Itapoan, o progressista n\u00e3o atribuiu, no entanto, o adiamento \u00e0s condicionantes dos chineses, mas para evitar poss\u00edveis problemas judiciais.<\/p>\n<p>\u201cEu conversei com Rui [Costa] e estamos adiando a licita\u00e7\u00e3o para posterior elei\u00e7\u00e3o. Por qu\u00ea? Porque n\u00f3s n\u00e3o queremos que o Minist\u00e9rio P\u00fablico, que a A, B ,C\u2026 [questionem]\u201d, afirmou.<\/p>\n<p>Em fevereiro deste ano, o jornal A Tarde informou que as empresas chinesas, que participar\u00e3o da licita\u00e7\u00e3o para constru\u00e7\u00e3o da ponte Salvador-Itaparica, condicionaram a participa\u00e7\u00e3o no preg\u00e3o ao resultado das elei\u00e7\u00f5es no estado, que ocorrem somente em outubro.<\/p>\n<p>De acordo com a publica\u00e7\u00e3o, os chineses querem ter seguran\u00e7a de que estar\u00e3o investindo bilh\u00f5es em um projeto que ser\u00e1 negociado e efetivado com o governo dos pr\u00f3ximos quatro anos, conforme que\u00a0prev\u00ea o tempo h\u00e1bil para a constru\u00e7\u00e3o da ponte.<\/p>\n<p>Prov\u00e1vel advers\u00e1rio de Rui Costa na elei\u00e7\u00e3o deste ano, o prefeito de Salvador,\u00a0<a href=\"http:\/\/bahia.ba\/carnaval2018\/acm-neto-nao-garante-construcao-da-ponte-salvador-itaparica\/\" target=\"_blank\" rel=\"noopener noreferrer\">ACM Neto<\/a>\u00a0(DEM), n\u00e3o quis garantir, caso fosse eleito, que manteria o projeto, quando indagado pelo\u00a0<strong>bahia.ba<\/strong>\u00a0no carnaval.<\/p>\n","protected":false},"excerpt":{"rendered":"<p>Depois de os\u00a0chineses condicionarem\u00a0a participa\u00e7\u00e3o no preg\u00e3o ao resultado das elei\u00e7\u00f5es na Bahia, o governo do Estado decidiu adiar o lan\u00e7amento da licita\u00e7\u00e3o para ap\u00f3s o pleito. A informa\u00e7\u00e3o foi confirmada pelo pr\u00f3prio vice-governador, Jo\u00e3o Le\u00e3o (PP), na noite desta segunda-feira (19). Em entrevista \u00e0 r\u00e1dio Itapoan, o progressista n\u00e3o atribuiu, no entanto, o adiamento [&hellip;]<\/p>\n","protected":false},"author":2,"featured_media":71001,"comment_status":"open","ping_status":"open","sticky":false,"template":"","format":"standard","meta":{"footnotes":"","_links_to":"","_links_to_target":""},"categories":[1],"tags":[],"class_list":["post-70999","post","type-post","status-publish","format-standard","has-post-thumbnail","hentry","category-geral"],"views":1089,"_links":{"self":[{"href":"https:\/\/www.sudoestehoje.com.br\/novoportal\/wp-json\/wp\/v2\/posts\/70999","targetHints":{"allow":["GET"]}}],"collection":[{"href":"https:\/\/www.sudoestehoje.com.br\/novoportal\/wp-json\/wp\/v2\/posts"}],"about":[{"href":"https:\/\/www.sudoestehoje.com.br\/novoportal\/wp-json\/wp\/v2\/types\/post"}],"author":[{"embeddable":true,"href":"https:\/\/www.sudoestehoje.com.br\/novoportal\/wp-json\/wp\/v2\/users\/2"}],"replies":[{"embeddable":true,"href":"https:\/\/www.sudoestehoje.com.br\/novoportal\/wp-json\/wp\/v2\/comments?post=70999"}],"version-history":[{"count":2,"href":"https:\/\/www.sudoestehoje.com.br\/novoportal\/wp-json\/wp\/v2\/posts\/70999\/revisions"}],"predecessor-version":[{"id":71002,"href":"https:\/\/www.sudoestehoje.com.br\/novoportal\/wp-json\/wp\/v2\/posts\/70999\/revisions\/71002"}],"wp:featuredmedia":[{"embeddable":true,"href":"https:\/\/www.sudoestehoje.com.br\/novoportal\/wp-json\/wp\/v2\/media\/71001"}],"wp:attachment":[{"href":"https:\/\/www.sudoestehoje.com.br\/novoportal\/wp-json\/wp\/v2\/media?parent=70999"}],"wp:term":[{"taxonomy":"category","embeddable":true,"href":"https:\/\/www.sudoestehoje.com.br\/novoportal\/wp-json\/wp\/v2\/categories?post=70999"},{"taxonomy":"post_tag","embeddable":true,"href":"https:\/\/www.sudoestehoje.com.br\/novoportal\/wp-json\/wp\/v2\/tags?post=70999"}],"curies":[{"name":"wp","href":"https:\/\/api.w.org\/{rel}","templated":true}]}}