
{"id":70990,"date":"2018-03-20T10:00:25","date_gmt":"2018-03-20T13:00:25","guid":{"rendered":"http:\/\/www.sudoestehoje.com.br\/novoportal\/?p=70990"},"modified":"2018-03-20T10:01:43","modified_gmt":"2018-03-20T13:01:43","slug":"morre-aos-56-anos-eneida-marcia-veloso","status":"publish","type":"post","link":"https:\/\/www.sudoestehoje.com.br\/novoportal\/2018\/03\/20\/morre-aos-56-anos-eneida-marcia-veloso\/","title":{"rendered":"MORRE, AOS 56 ANOS, ENEIDA M\u00c1RCIA VELOSO"},"content":{"rendered":"<p><a href=\"http:\/\/www.sudoestehoje.com.br\/novoportal\/wp-content\/uploads\/2018\/03\/marcia.jpg\"><img loading=\"lazy\" decoding=\"async\" class=\"aligncenter size-medium wp-image-70993\" src=\"http:\/\/www.sudoestehoje.com.br\/novoportal\/wp-content\/uploads\/2018\/03\/marcia-500x336.jpg\" alt=\"\" width=\"500\" height=\"336\" srcset=\"https:\/\/www.sudoestehoje.com.br\/novoportal\/wp-content\/uploads\/2018\/03\/marcia-500x336.jpg 500w, https:\/\/www.sudoestehoje.com.br\/novoportal\/wp-content\/uploads\/2018\/03\/marcia-768x517.jpg 768w, https:\/\/www.sudoestehoje.com.br\/novoportal\/wp-content\/uploads\/2018\/03\/marcia-700x471.jpg 700w, https:\/\/www.sudoestehoje.com.br\/novoportal\/wp-content\/uploads\/2018\/03\/marcia.jpg 960w\" sizes=\"auto, (max-width: 500px) 100vw, 500px\" \/><\/a><\/p>\n<p>Comunicamos o falecimento de Eneida M\u00e1rcia Veloso Oliveira, 56 anos, ocorrido por volta das 22h desta segunda-feira (19), em Itapetinga.\u00a0De acordo com informa\u00e7\u00f5es de familiares, M\u00e1rcia foi levada para ser atendida na UPA 24h, com fortes dores no peito, onde veio a falecer, v\u00edtima de infarto.<\/p>\n<p>Seu corpo est\u00e1 sendo velado no Cerimonial Pax Perfei\u00e7\u00e3o, na Av. Dr. Arnaldo Teixeira (ex-Cinquenten\u00e1rio), e dever\u00e1 ser sepultado na tarde desta ter\u00e7a-feira (20).\u00a0M\u00e1rcia, que era moradora do bairro Clodoaldo Costa, deixa dois filhos e a saudade eterna dos seus familiares e amigos.<\/p>\n<p>O Sudoeste Hoje manifesta as suas condol\u00eancias aos familiares de M\u00e1rcia Veloso, pela irrepar\u00e1vel perda.<\/p>\n<p><strong><em>Davi Ferraz &#8211; Editor<\/em><\/strong><\/p>\n","protected":false},"excerpt":{"rendered":"<p>Comunicamos o falecimento de Eneida M\u00e1rcia Veloso Oliveira, 56 anos, ocorrido por volta das 22h desta segunda-feira (19), em Itapetinga.\u00a0De acordo com informa\u00e7\u00f5es de familiares, M\u00e1rcia foi levada para ser atendida na UPA 24h, com fortes dores no peito, onde veio a falecer, v\u00edtima de infarto. Seu corpo est\u00e1 sendo velado no Cerimonial Pax Perfei\u00e7\u00e3o, [&hellip;]<\/p>\n","protected":false},"author":2,"featured_media":70993,"comment_status":"open","ping_status":"open","sticky":false,"template":"","format":"standard","meta":{"footnotes":"","_links_to":"","_links_to_target":""},"categories":[1],"tags":[],"class_list":["post-70990","post","type-post","status-publish","format-standard","has-post-thumbnail","hentry","category-geral"],"views":1656,"_links":{"self":[{"href":"https:\/\/www.sudoestehoje.com.br\/novoportal\/wp-json\/wp\/v2\/posts\/70990","targetHints":{"allow":["GET"]}}],"collection":[{"href":"https:\/\/www.sudoestehoje.com.br\/novoportal\/wp-json\/wp\/v2\/posts"}],"about":[{"href":"https:\/\/www.sudoestehoje.com.br\/novoportal\/wp-json\/wp\/v2\/types\/post"}],"author":[{"embeddable":true,"href":"https:\/\/www.sudoestehoje.com.br\/novoportal\/wp-json\/wp\/v2\/users\/2"}],"replies":[{"embeddable":true,"href":"https:\/\/www.sudoestehoje.com.br\/novoportal\/wp-json\/wp\/v2\/comments?post=70990"}],"version-history":[{"count":6,"href":"https:\/\/www.sudoestehoje.com.br\/novoportal\/wp-json\/wp\/v2\/posts\/70990\/revisions"}],"predecessor-version":[{"id":70997,"href":"https:\/\/www.sudoestehoje.com.br\/novoportal\/wp-json\/wp\/v2\/posts\/70990\/revisions\/70997"}],"wp:featuredmedia":[{"embeddable":true,"href":"https:\/\/www.sudoestehoje.com.br\/novoportal\/wp-json\/wp\/v2\/media\/70993"}],"wp:attachment":[{"href":"https:\/\/www.sudoestehoje.com.br\/novoportal\/wp-json\/wp\/v2\/media?parent=70990"}],"wp:term":[{"taxonomy":"category","embeddable":true,"href":"https:\/\/www.sudoestehoje.com.br\/novoportal\/wp-json\/wp\/v2\/categories?post=70990"},{"taxonomy":"post_tag","embeddable":true,"href":"https:\/\/www.sudoestehoje.com.br\/novoportal\/wp-json\/wp\/v2\/tags?post=70990"}],"curies":[{"name":"wp","href":"https:\/\/api.w.org\/{rel}","templated":true}]}}