
{"id":70983,"date":"2018-03-19T19:12:26","date_gmt":"2018-03-19T22:12:26","guid":{"rendered":"http:\/\/www.sudoestehoje.com.br\/novoportal\/?p=70983"},"modified":"2018-03-19T19:12:44","modified_gmt":"2018-03-19T22:12:44","slug":"dias-toffoli-libera-votacao-no-supremo-sobre-restricao-de-foro-privilegiado","status":"publish","type":"post","link":"https:\/\/www.sudoestehoje.com.br\/novoportal\/2018\/03\/19\/dias-toffoli-libera-votacao-no-supremo-sobre-restricao-de-foro-privilegiado\/","title":{"rendered":"DIAS TOFFOLI LIBERA VOTA\u00c7\u00c3O NO SUPREMO SOBRE RESTRI\u00c7\u00c3O DE FORO PRIVILEGIADO"},"content":{"rendered":"<p><a href=\"http:\/\/www.sudoestehoje.com.br\/novoportal\/wp-content\/uploads\/2018\/03\/Dias-Toffoli-Foto-Carlos-Humberto-STF1.jpg\"><img loading=\"lazy\" decoding=\"async\" class=\"aligncenter size-medium wp-image-70987\" src=\"http:\/\/www.sudoestehoje.com.br\/novoportal\/wp-content\/uploads\/2018\/03\/Dias-Toffoli-Foto-Carlos-Humberto-STF1-500x350.jpg\" alt=\"\" width=\"500\" height=\"350\" srcset=\"https:\/\/www.sudoestehoje.com.br\/novoportal\/wp-content\/uploads\/2018\/03\/Dias-Toffoli-Foto-Carlos-Humberto-STF1-500x350.jpg 500w, https:\/\/www.sudoestehoje.com.br\/novoportal\/wp-content\/uploads\/2018\/03\/Dias-Toffoli-Foto-Carlos-Humberto-STF1.jpg 600w\" sizes=\"auto, (max-width: 500px) 100vw, 500px\" \/><\/a><\/p>\n<p>O ministro Dias Toffoli, do Supremo Tribunal Federal (STF), decidiu\u00a0liberar para vota\u00e7\u00e3o no plen\u00e1rio da corte a\u00a0a\u00e7\u00e3o que restringe o alcance do foro privilegiado.<\/p>\n<p>De acordo com a coluna Painel, do jornal Folha de S\u00e3o Paulo, a aprecia\u00e7\u00e3o deve acontecer\u00a0logo ap\u00f3s\u00a0o feriado da Semana Santa.<\/p>\n<p>Toffoli\u00a0pediu vista da a\u00e7\u00e3o em novembro \u00faltimo, quando o seu julgamento estava quase conclu\u00eddo.<\/p>\n<p>A sess\u00e3o foi interrompida com placar de 8 votos a 0\u00a0a favor de restri\u00e7\u00f5es ao foro para deputados federais e senadores.<\/p>\n","protected":false},"excerpt":{"rendered":"<p>O ministro Dias Toffoli, do Supremo Tribunal Federal (STF), decidiu\u00a0liberar para vota\u00e7\u00e3o no plen\u00e1rio da corte a\u00a0a\u00e7\u00e3o que restringe o alcance do foro privilegiado. De acordo com a coluna Painel, do jornal Folha de S\u00e3o Paulo, a aprecia\u00e7\u00e3o deve acontecer\u00a0logo ap\u00f3s\u00a0o feriado da Semana Santa. Toffoli\u00a0pediu vista da a\u00e7\u00e3o em novembro \u00faltimo, quando o seu [&hellip;]<\/p>\n","protected":false},"author":2,"featured_media":70987,"comment_status":"open","ping_status":"open","sticky":false,"template":"","format":"standard","meta":{"footnotes":"","_links_to":"","_links_to_target":""},"categories":[1],"tags":[],"class_list":["post-70983","post","type-post","status-publish","format-standard","has-post-thumbnail","hentry","category-geral"],"views":1521,"_links":{"self":[{"href":"https:\/\/www.sudoestehoje.com.br\/novoportal\/wp-json\/wp\/v2\/posts\/70983","targetHints":{"allow":["GET"]}}],"collection":[{"href":"https:\/\/www.sudoestehoje.com.br\/novoportal\/wp-json\/wp\/v2\/posts"}],"about":[{"href":"https:\/\/www.sudoestehoje.com.br\/novoportal\/wp-json\/wp\/v2\/types\/post"}],"author":[{"embeddable":true,"href":"https:\/\/www.sudoestehoje.com.br\/novoportal\/wp-json\/wp\/v2\/users\/2"}],"replies":[{"embeddable":true,"href":"https:\/\/www.sudoestehoje.com.br\/novoportal\/wp-json\/wp\/v2\/comments?post=70983"}],"version-history":[{"count":5,"href":"https:\/\/www.sudoestehoje.com.br\/novoportal\/wp-json\/wp\/v2\/posts\/70983\/revisions"}],"predecessor-version":[{"id":70989,"href":"https:\/\/www.sudoestehoje.com.br\/novoportal\/wp-json\/wp\/v2\/posts\/70983\/revisions\/70989"}],"wp:featuredmedia":[{"embeddable":true,"href":"https:\/\/www.sudoestehoje.com.br\/novoportal\/wp-json\/wp\/v2\/media\/70987"}],"wp:attachment":[{"href":"https:\/\/www.sudoestehoje.com.br\/novoportal\/wp-json\/wp\/v2\/media?parent=70983"}],"wp:term":[{"taxonomy":"category","embeddable":true,"href":"https:\/\/www.sudoestehoje.com.br\/novoportal\/wp-json\/wp\/v2\/categories?post=70983"},{"taxonomy":"post_tag","embeddable":true,"href":"https:\/\/www.sudoestehoje.com.br\/novoportal\/wp-json\/wp\/v2\/tags?post=70983"}],"curies":[{"name":"wp","href":"https:\/\/api.w.org\/{rel}","templated":true}]}}