
{"id":70973,"date":"2018-03-19T10:06:07","date_gmt":"2018-03-19T13:06:07","guid":{"rendered":"http:\/\/www.sudoestehoje.com.br\/novoportal\/?p=70973"},"modified":"2018-03-19T16:45:56","modified_gmt":"2018-03-19T19:45:56","slug":"itapetinga-morre-apos-grave-acidente-na-avenida-beira-rio-a-amiga-lia","status":"publish","type":"post","link":"https:\/\/www.sudoestehoje.com.br\/novoportal\/2018\/03\/19\/itapetinga-morre-apos-grave-acidente-na-avenida-beira-rio-a-amiga-lia\/","title":{"rendered":"ITAPETINGA: MORRE, AP\u00d3S GRAVE ACIDENTE NA AVENIDA BEIRA RIO, A AMIGA LIA"},"content":{"rendered":"<p><a href=\"http:\/\/www.sudoestehoje.com.br\/novoportal\/wp-content\/uploads\/2018\/03\/lia.jpg\"><img loading=\"lazy\" decoding=\"async\" class=\"aligncenter size-medium wp-image-70974\" src=\"http:\/\/www.sudoestehoje.com.br\/novoportal\/wp-content\/uploads\/2018\/03\/lia-500x375.jpg\" alt=\"\" width=\"500\" height=\"375\" srcset=\"https:\/\/www.sudoestehoje.com.br\/novoportal\/wp-content\/uploads\/2018\/03\/lia-500x375.jpg 500w, https:\/\/www.sudoestehoje.com.br\/novoportal\/wp-content\/uploads\/2018\/03\/lia.jpg 552w\" sizes=\"auto, (max-width: 500px) 100vw, 500px\" \/><\/a><\/p>\n<p>Faleceu, na madrugada desta segunda-feira (19), na UTI do Hospital Cristo Redentor, em Itapetinga, Maria do Carmo Costa, conhecida popularmente por &#8216;Lia&#8217;, ap\u00f3s sofrer grave acidente no final da tarde deste domingo, na Avenida Beira Rio, \u00e0 altura da Ind\u00fastria Cidad\u00e3.<\/p>\n<p>De acordo com informa\u00e7\u00f5es colhidas pelo Sudoeste Hoje, o carro conduzido pelo companheiro de Lia (Miro Pintor) se chocou com outro ve\u00edculo que trafegava em sentido contr\u00e1rio, caindo em uma ribanceira \u00e0s margens do Rio Catol\u00e9.<\/p>\n<p><a href=\"http:\/\/www.sudoestehoje.com.br\/novoportal\/wp-content\/uploads\/2018\/03\/acidente-lia.jpg\"><img loading=\"lazy\" decoding=\"async\" class=\"aligncenter size-medium wp-image-70975\" src=\"http:\/\/www.sudoestehoje.com.br\/novoportal\/wp-content\/uploads\/2018\/03\/acidente-lia-500x500.jpg\" alt=\"\" width=\"500\" height=\"500\" srcset=\"https:\/\/www.sudoestehoje.com.br\/novoportal\/wp-content\/uploads\/2018\/03\/acidente-lia-500x500.jpg 500w, https:\/\/www.sudoestehoje.com.br\/novoportal\/wp-content\/uploads\/2018\/03\/acidente-lia-150x150.jpg 150w, https:\/\/www.sudoestehoje.com.br\/novoportal\/wp-content\/uploads\/2018\/03\/acidente-lia-768x768.jpg 768w, https:\/\/www.sudoestehoje.com.br\/novoportal\/wp-content\/uploads\/2018\/03\/acidente-lia-700x700.jpg 700w, https:\/\/www.sudoestehoje.com.br\/novoportal\/wp-content\/uploads\/2018\/03\/acidente-lia.jpg 960w\" sizes=\"auto, (max-width: 500px) 100vw, 500px\" \/><\/a><\/p>\n<p>Nas redes sociais, amigos de Lia fizeram uma campanha ostensiva pedindo a doa\u00e7\u00e3o de sangue, mas por volta das 2h30 da madrugada desta segunda, ela n\u00e3o resistiu e veio a falecer.<\/p>\n<p>Informa\u00e7\u00f5es de amigos d\u00e3o conta de que o corpo ser\u00e1 velado na pr\u00f3pria resid\u00eancia da fam\u00edlia, na Rua Alfredo Dutra, centro, em Itapetinga, e que o sepultamento dever\u00e1 ocorrer no final da tarde.<\/p>\n<p>O Sudoeste Hoje, atrav\u00e9s do seu editor, manifesta o seu imenso pesar pela passagem prematura da ex-aluna e amiga de longas datas, Maria do Carmo. Manifestamos tamb\u00e9m as nossa condol\u00eancias \u00e0 fam\u00edlia.<\/p>\n<p><strong><em>Por Davi Ferraz<\/em><\/strong><\/p>\n","protected":false},"excerpt":{"rendered":"<p>Faleceu, na madrugada desta segunda-feira (19), na UTI do Hospital Cristo Redentor, em Itapetinga, Maria do Carmo Costa, conhecida popularmente por &#8216;Lia&#8217;, ap\u00f3s sofrer grave acidente no final da tarde deste domingo, na Avenida Beira Rio, \u00e0 altura da Ind\u00fastria Cidad\u00e3. De acordo com informa\u00e7\u00f5es colhidas pelo Sudoeste Hoje, o carro conduzido pelo companheiro de [&hellip;]<\/p>\n","protected":false},"author":2,"featured_media":70974,"comment_status":"open","ping_status":"open","sticky":false,"template":"","format":"standard","meta":{"footnotes":"","_links_to":"","_links_to_target":""},"categories":[1],"tags":[],"class_list":["post-70973","post","type-post","status-publish","format-standard","has-post-thumbnail","hentry","category-geral"],"views":2316,"_links":{"self":[{"href":"https:\/\/www.sudoestehoje.com.br\/novoportal\/wp-json\/wp\/v2\/posts\/70973","targetHints":{"allow":["GET"]}}],"collection":[{"href":"https:\/\/www.sudoestehoje.com.br\/novoportal\/wp-json\/wp\/v2\/posts"}],"about":[{"href":"https:\/\/www.sudoestehoje.com.br\/novoportal\/wp-json\/wp\/v2\/types\/post"}],"author":[{"embeddable":true,"href":"https:\/\/www.sudoestehoje.com.br\/novoportal\/wp-json\/wp\/v2\/users\/2"}],"replies":[{"embeddable":true,"href":"https:\/\/www.sudoestehoje.com.br\/novoportal\/wp-json\/wp\/v2\/comments?post=70973"}],"version-history":[{"count":5,"href":"https:\/\/www.sudoestehoje.com.br\/novoportal\/wp-json\/wp\/v2\/posts\/70973\/revisions"}],"predecessor-version":[{"id":70982,"href":"https:\/\/www.sudoestehoje.com.br\/novoportal\/wp-json\/wp\/v2\/posts\/70973\/revisions\/70982"}],"wp:featuredmedia":[{"embeddable":true,"href":"https:\/\/www.sudoestehoje.com.br\/novoportal\/wp-json\/wp\/v2\/media\/70974"}],"wp:attachment":[{"href":"https:\/\/www.sudoestehoje.com.br\/novoportal\/wp-json\/wp\/v2\/media?parent=70973"}],"wp:term":[{"taxonomy":"category","embeddable":true,"href":"https:\/\/www.sudoestehoje.com.br\/novoportal\/wp-json\/wp\/v2\/categories?post=70973"},{"taxonomy":"post_tag","embeddable":true,"href":"https:\/\/www.sudoestehoje.com.br\/novoportal\/wp-json\/wp\/v2\/tags?post=70973"}],"curies":[{"name":"wp","href":"https:\/\/api.w.org\/{rel}","templated":true}]}}