
{"id":70962,"date":"2018-03-18T07:48:10","date_gmt":"2018-03-18T10:48:10","guid":{"rendered":"http:\/\/www.sudoestehoje.com.br\/novoportal\/?p=70962"},"modified":"2018-03-18T00:58:30","modified_gmt":"2018-03-18T03:58:30","slug":"acm-neto-ja-decidiu-sobre-candidatura-a-governador-mas-so-anuncia-em-abril","status":"publish","type":"post","link":"https:\/\/www.sudoestehoje.com.br\/novoportal\/2018\/03\/18\/acm-neto-ja-decidiu-sobre-candidatura-a-governador-mas-so-anuncia-em-abril\/","title":{"rendered":"ACM NETO J\u00c1 DECIDIU SOBRE CANDIDATURA A GOVERNADOR, MAS S\u00d3 ANUNCIA EM ABRIL"},"content":{"rendered":"<p><a href=\"http:\/\/www.sudoestehoje.com.br\/novoportal\/wp-content\/uploads\/2018\/03\/acm-neto-campo-grande.jpg\"><img loading=\"lazy\" decoding=\"async\" class=\"aligncenter size-medium wp-image-70963\" src=\"http:\/\/www.sudoestehoje.com.br\/novoportal\/wp-content\/uploads\/2018\/03\/acm-neto-campo-grande-500x350.jpg\" alt=\"\" width=\"500\" height=\"350\" srcset=\"https:\/\/www.sudoestehoje.com.br\/novoportal\/wp-content\/uploads\/2018\/03\/acm-neto-campo-grande-500x350.jpg 500w, https:\/\/www.sudoestehoje.com.br\/novoportal\/wp-content\/uploads\/2018\/03\/acm-neto-campo-grande.jpg 600w\" sizes=\"auto, (max-width: 500px) 100vw, 500px\" \/><\/a><\/p>\n<p>O prefeito ACM Neto (DEM) definiu na \u00faltima sexta-feira (16) seu destino nas elei\u00e7\u00f5es de 2018, por\u00e9m o veredito s\u00f3 ser\u00e1 divulgado pelo prefeito na primeira semana de abril.<\/p>\n<p>\u201cEu havia prometido que minha defini\u00e7\u00e3o sobre ser ou n\u00e3o candidato ao governo n\u00e3o passaria deste fim de semana. De fato, j\u00e1 cheguei a um veredito, mas n\u00e3o vou anunci\u00e1-lo agora. Ele s\u00f3 ser\u00e1 conhecido no dia 6 ou 7 de abril\u201d, afirmou em entrevista ao jornal Correio*.<\/p>\n<p>De acordo com a publica\u00e7\u00e3o, na pr\u00f3xima ter\u00e7a-feira (20) a agenda de ACM Neto ser\u00e1 dedicada a uma s\u00e9rie de reuni\u00f5es reservadas com integrantes do n\u00facleo-duro da oposi\u00e7\u00e3o e lideran\u00e7as de partidos aliados ao DEM, para comunicar sua decis\u00e3o e listar os motivos que o fizeram aceitar ou desistir da sua candidatura ao governo do estado.<\/p>\n<p>At\u00e9 a primeira semana de abril, o prefeito determinar\u00e1 sigilo absoluto em suas reuni\u00f5es para preservar o conte\u00fado das conversas e ir\u00e1 evitar declara\u00e7\u00f5es que possam fornecer dicas a respeito da sua decis\u00e3o.<\/p>\n<p>O prazo para desincompatibiliza\u00e7\u00e3o \u00e9 de 6 meses antes das elei\u00e7\u00f5es, que este ano ser\u00e3o realizadas em 7 de outubro.<\/p>\n","protected":false},"excerpt":{"rendered":"<p>O prefeito ACM Neto (DEM) definiu na \u00faltima sexta-feira (16) seu destino nas elei\u00e7\u00f5es de 2018, por\u00e9m o veredito s\u00f3 ser\u00e1 divulgado pelo prefeito na primeira semana de abril. \u201cEu havia prometido que minha defini\u00e7\u00e3o sobre ser ou n\u00e3o candidato ao governo n\u00e3o passaria deste fim de semana. De fato, j\u00e1 cheguei a um veredito, [&hellip;]<\/p>\n","protected":false},"author":2,"featured_media":70963,"comment_status":"open","ping_status":"open","sticky":false,"template":"","format":"standard","meta":{"footnotes":"","_links_to":"","_links_to_target":""},"categories":[1],"tags":[],"class_list":["post-70962","post","type-post","status-publish","format-standard","has-post-thumbnail","hentry","category-geral"],"views":1103,"_links":{"self":[{"href":"https:\/\/www.sudoestehoje.com.br\/novoportal\/wp-json\/wp\/v2\/posts\/70962","targetHints":{"allow":["GET"]}}],"collection":[{"href":"https:\/\/www.sudoestehoje.com.br\/novoportal\/wp-json\/wp\/v2\/posts"}],"about":[{"href":"https:\/\/www.sudoestehoje.com.br\/novoportal\/wp-json\/wp\/v2\/types\/post"}],"author":[{"embeddable":true,"href":"https:\/\/www.sudoestehoje.com.br\/novoportal\/wp-json\/wp\/v2\/users\/2"}],"replies":[{"embeddable":true,"href":"https:\/\/www.sudoestehoje.com.br\/novoportal\/wp-json\/wp\/v2\/comments?post=70962"}],"version-history":[{"count":3,"href":"https:\/\/www.sudoestehoje.com.br\/novoportal\/wp-json\/wp\/v2\/posts\/70962\/revisions"}],"predecessor-version":[{"id":70966,"href":"https:\/\/www.sudoestehoje.com.br\/novoportal\/wp-json\/wp\/v2\/posts\/70962\/revisions\/70966"}],"wp:featuredmedia":[{"embeddable":true,"href":"https:\/\/www.sudoestehoje.com.br\/novoportal\/wp-json\/wp\/v2\/media\/70963"}],"wp:attachment":[{"href":"https:\/\/www.sudoestehoje.com.br\/novoportal\/wp-json\/wp\/v2\/media?parent=70962"}],"wp:term":[{"taxonomy":"category","embeddable":true,"href":"https:\/\/www.sudoestehoje.com.br\/novoportal\/wp-json\/wp\/v2\/categories?post=70962"},{"taxonomy":"post_tag","embeddable":true,"href":"https:\/\/www.sudoestehoje.com.br\/novoportal\/wp-json\/wp\/v2\/tags?post=70962"}],"curies":[{"name":"wp","href":"https:\/\/api.w.org\/{rel}","templated":true}]}}