
{"id":70949,"date":"2018-03-17T22:44:52","date_gmt":"2018-03-18T01:44:52","guid":{"rendered":"http:\/\/www.sudoestehoje.com.br\/novoportal\/?p=70949"},"modified":"2018-03-17T23:15:58","modified_gmt":"2018-03-18T02:15:58","slug":"itapetinga-setores-do-dem-articulam-dobradinha-entre-aleluia-e-pedro-tavares","status":"publish","type":"post","link":"https:\/\/www.sudoestehoje.com.br\/novoportal\/2018\/03\/17\/itapetinga-setores-do-dem-articulam-dobradinha-entre-aleluia-e-pedro-tavares\/","title":{"rendered":"ITAPETINGA: SETORES DO DEM ARTICULAM DOBRADINHA ENTRE ALELUIA E PEDRO TAVARES"},"content":{"rendered":"<p><a href=\"http:\/\/www.sudoestehoje.com.br\/novoportal\/wp-content\/uploads\/2018\/03\/ALELUIA.jpg\"><img loading=\"lazy\" decoding=\"async\" class=\"aligncenter size-medium wp-image-70950\" src=\"http:\/\/www.sudoestehoje.com.br\/novoportal\/wp-content\/uploads\/2018\/03\/ALELUIA-500x375.jpg\" alt=\"\" width=\"500\" height=\"375\" srcset=\"https:\/\/www.sudoestehoje.com.br\/novoportal\/wp-content\/uploads\/2018\/03\/ALELUIA-500x375.jpg 500w, https:\/\/www.sudoestehoje.com.br\/novoportal\/wp-content\/uploads\/2018\/03\/ALELUIA.jpg 640w\" sizes=\"auto, (max-width: 500px) 100vw, 500px\" \/><\/a>Desde que se uniram em torno de um mesmo projeto pol\u00edtico em Itapetinga, DEM e MDB seguiram caminhos pr\u00f3prios nas elei\u00e7\u00f5es para deputado estadual e federal. Em 2014, o DEM marchou com Jos\u00e9 Carlos Aleluia para federal e Heraldo Rocha para estadual, enquanto o PMDB apoiou a dobradinha L\u00facio Vieira Lima e Herzem Gusm\u00e3o. Pra governo do estado, se uniram em torno da candidatura de Paulo Souto, a quem deram o triplo da vota\u00e7\u00e3o de Rui Costa no munic\u00edpio.<\/p>\n<p>Com a sa\u00edda de Herzem Gusm\u00e3o da disputa, para exercer o cargo de prefeito de Vit\u00f3ria da Conquista, o MDB fechou com deputado estadual Pedro Tavares (MDB), mas vive uma enorme incerteza em rela\u00e7\u00e3o a L\u00facio Vieira Lima, em decorr\u00eancia dos esc\u00e2ndalos envolvendo seu irm\u00e3o Geddel, o que abre um enorme leque de possibilidades e cogita\u00e7\u00f5es.<\/p>\n<p>\u00c9 neste cen\u00e1rio que alguns caciques do DEM local vem trabalhando para emplacar uma <em>&#8216;dobradinha&#8217;<\/em> inusitada entre Aleluia e Pedro Tavares, o que fortaleceria ainda mais a uni\u00e3o dos grupos do prefeito Rodrigo Hagge e seu av\u00f4 Michel, com o Democratas, sem falar da possibilidade de dar a cada um deles\u00a0 vota\u00e7\u00e3o em torno de 8 a 10 mil votos.<\/p>\n<p>O DEM est\u00e1 entusiasmado com a ideia, mas o jovem prefeito Rodrigo Hagge prefere esperar a defini\u00e7\u00e3o do quadro pol\u00edtico estadual, para decidir essas quest\u00f5es locais. Certo mesmo, s\u00f3 o apoio ao deputado estadual Pedro Tavares, ficando L\u00facio em &#8216;stand by&#8217;.<\/p>\n<p>At\u00e9 que cessem as turbul\u00eancias pol\u00edticas nacionais e estaduais, ficam tamb\u00e9m em compasso de espera a <em>&#8216;dobradinha<\/em>&#8216; com Aleluia e fora de cogita\u00e7\u00e3o a pretendida<em> &#8216;encostadinha&#8217;<\/em> do grupo do deputado Ant\u00f4nio Brito (PSD).<\/p>\n<p><strong><em>Por Davi Ferraz\u00a0<\/em><\/strong><\/p>\n","protected":false},"excerpt":{"rendered":"<p>Desde que se uniram em torno de um mesmo projeto pol\u00edtico em Itapetinga, DEM e MDB seguiram caminhos pr\u00f3prios nas elei\u00e7\u00f5es para deputado estadual e federal. Em 2014, o DEM marchou com Jos\u00e9 Carlos Aleluia para federal e Heraldo Rocha para estadual, enquanto o PMDB apoiou a dobradinha L\u00facio Vieira Lima e Herzem Gusm\u00e3o. Pra [&hellip;]<\/p>\n","protected":false},"author":2,"featured_media":70950,"comment_status":"open","ping_status":"open","sticky":false,"template":"","format":"standard","meta":{"footnotes":"","_links_to":"","_links_to_target":""},"categories":[1],"tags":[],"class_list":["post-70949","post","type-post","status-publish","format-standard","has-post-thumbnail","hentry","category-geral"],"views":1515,"_links":{"self":[{"href":"https:\/\/www.sudoestehoje.com.br\/novoportal\/wp-json\/wp\/v2\/posts\/70949","targetHints":{"allow":["GET"]}}],"collection":[{"href":"https:\/\/www.sudoestehoje.com.br\/novoportal\/wp-json\/wp\/v2\/posts"}],"about":[{"href":"https:\/\/www.sudoestehoje.com.br\/novoportal\/wp-json\/wp\/v2\/types\/post"}],"author":[{"embeddable":true,"href":"https:\/\/www.sudoestehoje.com.br\/novoportal\/wp-json\/wp\/v2\/users\/2"}],"replies":[{"embeddable":true,"href":"https:\/\/www.sudoestehoje.com.br\/novoportal\/wp-json\/wp\/v2\/comments?post=70949"}],"version-history":[{"count":7,"href":"https:\/\/www.sudoestehoje.com.br\/novoportal\/wp-json\/wp\/v2\/posts\/70949\/revisions"}],"predecessor-version":[{"id":70957,"href":"https:\/\/www.sudoestehoje.com.br\/novoportal\/wp-json\/wp\/v2\/posts\/70949\/revisions\/70957"}],"wp:featuredmedia":[{"embeddable":true,"href":"https:\/\/www.sudoestehoje.com.br\/novoportal\/wp-json\/wp\/v2\/media\/70950"}],"wp:attachment":[{"href":"https:\/\/www.sudoestehoje.com.br\/novoportal\/wp-json\/wp\/v2\/media?parent=70949"}],"wp:term":[{"taxonomy":"category","embeddable":true,"href":"https:\/\/www.sudoestehoje.com.br\/novoportal\/wp-json\/wp\/v2\/categories?post=70949"},{"taxonomy":"post_tag","embeddable":true,"href":"https:\/\/www.sudoestehoje.com.br\/novoportal\/wp-json\/wp\/v2\/tags?post=70949"}],"curies":[{"name":"wp","href":"https:\/\/api.w.org\/{rel}","templated":true}]}}