
{"id":70944,"date":"2018-03-17T21:33:33","date_gmt":"2018-03-18T00:33:33","guid":{"rendered":"http:\/\/www.sudoestehoje.com.br\/novoportal\/?p=70944"},"modified":"2018-03-17T21:40:38","modified_gmt":"2018-03-18T00:40:38","slug":"regra-quer-exigia-curso-para-renovar-cnh-sera-revogada-diz-ministerio","status":"publish","type":"post","link":"https:\/\/www.sudoestehoje.com.br\/novoportal\/2018\/03\/17\/regra-quer-exigia-curso-para-renovar-cnh-sera-revogada-diz-ministerio\/","title":{"rendered":"REGRA QUE EXIGIA CURSO PARA RENOVAR CNH SER\u00c1 REVOGADA, DIZ MINIST\u00c9RIO"},"content":{"rendered":"<div class=\"mc-column content-text active-extra-styles active-capital-letter\" data-block-type=\"unstyled\" data-block-weight=\"28\" data-block-id=\"2\">\n<p class=\"content-text__container theme-color-primary-first-letter\" data-track-category=\"Link no Texto\" data-track-links=\"\"><a href=\"http:\/\/www.sudoestehoje.com.br\/novoportal\/wp-content\/uploads\/2018\/03\/cnh.jpg\"><img loading=\"lazy\" decoding=\"async\" class=\"aligncenter size-medium wp-image-70945\" src=\"http:\/\/www.sudoestehoje.com.br\/novoportal\/wp-content\/uploads\/2018\/03\/cnh-500x292.jpg\" alt=\"\" width=\"500\" height=\"292\" srcset=\"https:\/\/www.sudoestehoje.com.br\/novoportal\/wp-content\/uploads\/2018\/03\/cnh-500x292.jpg 500w, https:\/\/www.sudoestehoje.com.br\/novoportal\/wp-content\/uploads\/2018\/03\/cnh.jpg 640w\" sizes=\"auto, (max-width: 500px) 100vw, 500px\" \/><\/a><\/p>\n<p class=\"content-text__container theme-color-primary-first-letter\" data-track-category=\"Link no Texto\" data-track-links=\"\">O Minist\u00e9rio das Cidades informou na noite deste s\u00e1bado (17) que a norma que mudava as regras para a renova\u00e7\u00e3o da Carteira Nacional de Habilita\u00e7\u00e3o (CNH) ser\u00e1 revogada.<\/p>\n<\/div>\n<div class=\"mc-column content-text active-extra-styles \" data-block-type=\"unstyled\" data-block-weight=\"28\" data-block-id=\"3\">\n<p class=\"content-text__container \" data-track-category=\"Link no Texto\" data-track-links=\"\">Segundo a pasta, o objetivo da revoga\u00e7\u00e3o \u00e9 n\u00e3o alterar a vida de quem precisa renovar a carteira, al\u00e9m de &#8220;reduzir custos e facilitar a vida do brasileiro&#8221;.<\/p>\n<\/div>\n<div class=\"mc-column content-text active-extra-styles \" data-block-type=\"unstyled\" data-block-weight=\"33\" data-block-id=\"4\">\n<p class=\"content-text__container \" data-track-category=\"Link no Texto\" data-track-links=\"\">Pela resolu\u00e7\u00e3o, que\u00a0entraria em vigor no pr\u00f3ximo dia 5 de junho, os motoristas que fossem renovar a CNH precisariam fazer um curso te\u00f3rico e uma prova, al\u00e9m do exame m\u00e9dico (atualmente obrigat\u00f3rio).<\/p>\n<\/div>\n<div class=\"mc-column content-text active-extra-styles \" data-block-type=\"unstyled\" data-block-weight=\"29\" data-block-id=\"5\">\n<p class=\"content-text__container \" data-track-category=\"Link no Texto\" data-track-links=\"\">A resolu\u00e7\u00e3o tamb\u00e9m previa que o motorista deveria fazer\u00a0duas balizas para tirar a 1\u00aa CNH\u00a0e estabelecia que a carteira para moto passaria a exigir\u00a0exames nas ruas.<\/p>\n<\/div>\n","protected":false},"excerpt":{"rendered":"<p>O Minist\u00e9rio das Cidades informou na noite deste s\u00e1bado (17) que a norma que mudava as regras para a renova\u00e7\u00e3o da Carteira Nacional de Habilita\u00e7\u00e3o (CNH) ser\u00e1 revogada. Segundo a pasta, o objetivo da revoga\u00e7\u00e3o \u00e9 n\u00e3o alterar a vida de quem precisa renovar a carteira, al\u00e9m de &#8220;reduzir custos e facilitar a vida do [&hellip;]<\/p>\n","protected":false},"author":2,"featured_media":70945,"comment_status":"open","ping_status":"open","sticky":false,"template":"","format":"standard","meta":{"footnotes":"","_links_to":"","_links_to_target":""},"categories":[1],"tags":[],"class_list":["post-70944","post","type-post","status-publish","format-standard","has-post-thumbnail","hentry","category-geral"],"views":1690,"_links":{"self":[{"href":"https:\/\/www.sudoestehoje.com.br\/novoportal\/wp-json\/wp\/v2\/posts\/70944","targetHints":{"allow":["GET"]}}],"collection":[{"href":"https:\/\/www.sudoestehoje.com.br\/novoportal\/wp-json\/wp\/v2\/posts"}],"about":[{"href":"https:\/\/www.sudoestehoje.com.br\/novoportal\/wp-json\/wp\/v2\/types\/post"}],"author":[{"embeddable":true,"href":"https:\/\/www.sudoestehoje.com.br\/novoportal\/wp-json\/wp\/v2\/users\/2"}],"replies":[{"embeddable":true,"href":"https:\/\/www.sudoestehoje.com.br\/novoportal\/wp-json\/wp\/v2\/comments?post=70944"}],"version-history":[{"count":3,"href":"https:\/\/www.sudoestehoje.com.br\/novoportal\/wp-json\/wp\/v2\/posts\/70944\/revisions"}],"predecessor-version":[{"id":70948,"href":"https:\/\/www.sudoestehoje.com.br\/novoportal\/wp-json\/wp\/v2\/posts\/70944\/revisions\/70948"}],"wp:featuredmedia":[{"embeddable":true,"href":"https:\/\/www.sudoestehoje.com.br\/novoportal\/wp-json\/wp\/v2\/media\/70945"}],"wp:attachment":[{"href":"https:\/\/www.sudoestehoje.com.br\/novoportal\/wp-json\/wp\/v2\/media?parent=70944"}],"wp:term":[{"taxonomy":"category","embeddable":true,"href":"https:\/\/www.sudoestehoje.com.br\/novoportal\/wp-json\/wp\/v2\/categories?post=70944"},{"taxonomy":"post_tag","embeddable":true,"href":"https:\/\/www.sudoestehoje.com.br\/novoportal\/wp-json\/wp\/v2\/tags?post=70944"}],"curies":[{"name":"wp","href":"https:\/\/api.w.org\/{rel}","templated":true}]}}